{"id":105761,"date":"2025-02-25T18:52:21","date_gmt":"2025-02-25T18:52:21","guid":{"rendered":"https:\/\/rdnews.al\/?p=105761"},"modified":"2025-02-25T18:52:21","modified_gmt":"2025-02-25T18:52:21","slug":"rama-pranon-deshtimin-kemi-probleme-me-kadastren-por-na-votoni-qe-ti-zgjidhim","status":"publish","type":"post","link":"https:\/\/rdnews.al\/index.php\/2025\/02\/25\/rama-pranon-deshtimin-kemi-probleme-me-kadastren-por-na-votoni-qe-ti-zgjidhim\/","title":{"rendered":"Rama pranon d\u00ebshtimin: Kemi probleme me Kadastr\u00ebn, por na votoni q\u00eb t\u2019i zgjidhim"},"content":{"rendered":"<p>Edi Rama ka mbajtur pasditen e sotme nj\u00eb takim me nj\u00ebsit\u00eb 5,6, 13 dhe 14 t\u00eb PS-s\u00eb n\u00eb Tiran\u00eb, ku gjat\u00eb fjal\u00ebs s\u00eb tij, deklaroi se nuk e mohon q\u00eb ka probleme me Kadastr\u00ebn.<\/p>\n<p>Por edhe pse ka 12 vite n\u00eb pushtet, Rama k\u00ebrkoi s\u00ebrish voton q\u00eb t\u2019i zgjidh\u00eb k\u00ebto probleme me \u00e7\u00ebshtjet e pron\u00ebsis\u00eb, me paragjykimin se ato nuk mund t\u2019i zgjidh\u00eb \u201ck\u00ebneta\u201d, duke iu referuar opozit\u00ebs.<\/p>\n<p><em>\u201cNuk e kam si ta mohoj q\u00eb kemi problem me hipotek\u00ebn. Pyetja \u00ebsht\u00eb, ky problem \u00ebsht\u00eb arsye p\u00ebr ta votuar PS, apo jo? Nuk do mend. N\u00ebse nuk voton PS, nuk ka shans q\u00eb n\u00eb k\u00ebto dy vite e pak t\u00eb mbetura p\u00ebr t\u00eb plot\u00ebsuar transformimin e kadastr\u00ebs nga A te ZH-ja ta b\u00ebjn\u00eb t\u00eb \u2018Mos o Zotshmit\u2019. Kush do e b\u00ebj\u00eb K\u00ebneta? Nuk mund ta humbi Shqip\u00ebria k\u00ebt\u00eb moment.\u201d<\/em>\u00a0\u2013 tha Rama.<\/p>\n<p>Gjithashtu, Rama theksoi edhe nj\u00eb her\u00eb se Amerika i ka t\u00ebrhequr \u201cushtar\u00ebt\u201d q\u00eb mb\u00ebshtesnin SPAK-un, dhe se stafet\u00ebn tashm\u00eb e mban ai dhe se Berisha nuk mund ta shkrij\u00eb.<\/p>\n<p><em>\u201cKa gj\u00ebra q\u00eb nuk shkojn\u00eb, por ama, duke filluar nga kjo e korrupsionit, q\u00eb \u00ebsht\u00eb m\u00eb e tmerrshmja. \u00cbsht\u00eb m\u00eb e tmerrshmja q\u00eb ne ta pranojm\u00eb pa luft\u00eb. Q\u00eb t\u00eb na k\u00ebrkojn\u00eb ne hesap t\u00eb tjer\u00ebt. Ne duhet t\u2019i k\u00ebrkojm\u00eb hesap nj\u00ebri-tjetrit. Askush jasht\u00eb k\u00ebsaj partie nuk na k\u00ebrkon dot hesap p\u00ebr luft\u00ebn ndaj korrupsionit. \u00c7far\u00eb po ndodh k\u00ebtu, nuk jemi ne viktima.\u00a0Nuk \u00ebsht\u00eb nj\u00eb luft\u00eb q\u00eb na e hapi Amerika, se Amerika i t\u00ebrhoqi ushtar\u00ebt q\u00eb kishte sjell\u00eb p\u00ebr t\u00eb ndihmuar dhe mb\u00ebshtetur SPAK, ik\u00ebn. Kush e mban stafet\u00ebn tani? E keni d\u00ebgjuar bufin e k\u00ebnet\u00ebs q\u00eb thot\u00eb do ta shkrijm\u00eb? N\u00ebse ne do ishim ata q\u00eb p\u00ebrpiqen t\u00eb na pikturojn\u00eb, ishte shkrir\u00eb SPAK sot. Nj\u00eb fishk\u00ebllim\u00eb bufit dhe e di si vinte me ato flok\u00ebt sikur sapo ka zbritur nga motori, me zhaba, zhapiqe, me gjith\u00eb ushtrin\u00eb nga mbrapa p\u00ebr t\u00eb shkrir\u00eb SPAK. Por nuk ndodh kjo sepse e kemi sjell\u00eb ne k\u00ebt\u00eb pun\u00eb deri k\u00ebtu\u201d<\/em>, tha Rama.<\/p>\n","protected":false},"excerpt":{"rendered":"<p>Edi Rama ka mbajtur pasditen e sotme nj\u00eb takim me nj\u00ebsit\u00eb 5,6, 13 dhe 14 t\u00eb PS-s\u00eb n\u00eb Tiran\u00eb, ku gjat\u00eb fjal\u00ebs s\u00eb tij, deklaroi se nuk e mohon q\u00eb ka probleme me Kadastr\u00ebn. Por edhe pse ka 12 vite n\u00eb pushtet, Rama k\u00ebrkoi s\u00ebrish voton q\u00eb t\u2019i zgjidh\u00eb k\u00ebto probleme me \u00e7\u00ebshtjet e pron\u00ebsis\u00eb, &hellip;<\/p>\n","protected":false},"author":4,"featured_media":105276,"comment_status":"closed","ping_status":"closed","sticky":false,"template":"","format":"standard","meta":{"footnotes":""},"categories":[37],"tags":[],"class_list":["post-105761","post","type-post","status-publish","format-standard","has-post-thumbnail","","category-politike"],"_links":{"self":[{"href":"https:\/\/rdnews.al\/index.php\/wp-json\/wp\/v2\/posts\/105761","targetHints":{"allow":["GET"]}}],"collection":[{"href":"https:\/\/rdnews.al\/index.php\/wp-json\/wp\/v2\/posts"}],"about":[{"href":"https:\/\/rdnews.al\/index.php\/wp-json\/wp\/v2\/types\/post"}],"author":[{"embeddable":true,"href":"https:\/\/rdnews.al\/index.php\/wp-json\/wp\/v2\/users\/4"}],"replies":[{"embeddable":true,"href":"https:\/\/rdnews.al\/index.php\/wp-json\/wp\/v2\/comments?post=105761"}],"version-history":[{"count":1,"href":"https:\/\/rdnews.al\/index.php\/wp-json\/wp\/v2\/posts\/105761\/revisions"}],"predecessor-version":[{"id":105762,"href":"https:\/\/rdnews.al\/index.php\/wp-json\/wp\/v2\/posts\/105761\/revisions\/105762"}],"wp:featuredmedia":[{"embeddable":true,"href":"https:\/\/rdnews.al\/index.php\/wp-json\/wp\/v2\/media\/105276"}],"wp:attachment":[{"href":"https:\/\/rdnews.al\/index.php\/wp-json\/wp\/v2\/media?parent=105761"}],"wp:term":[{"taxonomy":"category","embeddable":true,"href":"https:\/\/rdnews.al\/index.php\/wp-json\/wp\/v2\/categories?post=105761"},{"taxonomy":"post_tag","embeddable":true,"href":"https:\/\/rdnews.al\/index.php\/wp-json\/wp\/v2\/tags?post=105761"}],"curies":[{"name":"wp","href":"https:\/\/api.w.org\/{rel}","templated":true}]}}