{"id":105793,"date":"2025-02-26T09:19:00","date_gmt":"2025-02-26T09:19:00","guid":{"rendered":"https:\/\/rdnews.al\/?p=105793"},"modified":"2025-02-26T09:19:00","modified_gmt":"2025-02-26T09:19:00","slug":"shperthim-ne-lezhe-tritol-zyres-noteriale-te-vellait-te-kryetarit-te-pd","status":"publish","type":"post","link":"https:\/\/rdnews.al\/index.php\/2025\/02\/26\/shperthim-ne-lezhe-tritol-zyres-noteriale-te-vellait-te-kryetarit-te-pd\/","title":{"rendered":"Shp\u00ebrthim n\u00eb Lezh\u00eb, tritol zyr\u00ebs noteriale t\u00eb v\u00ebllait t\u00eb kryetarit t\u00eb PD"},"content":{"rendered":"<p>Nj\u00eb sasi l\u00ebnde plas\u00ebse i \u00ebsht\u00eb vendosur zyr\u00ebs noteriale t\u00eb noterit Fran Gjoni, e cila ndodhet pran\u00eb sheshit \u201cGjergj Kastrioti\u201d n\u00eb qend\u00ebr t\u00eb qytetit t\u00eb Lezh\u00ebs.<\/p>\n<p>Nga shp\u00ebrthim jan\u00eb shkaktuar d\u00ebme materiale, nd\u00ebrsa referuar pamjeve t\u00eb kamerave t\u00eb siguris\u00eb, kan\u00eb qen\u00eb dy persona t\u00eb cil\u00ebt kan\u00eb vendosur l\u00ebnd\u00ebn plas\u00ebse dhe jan\u00eb larguar.<\/p>\n<p>Fran Gjoni \u00ebsht\u00eb v\u00ebllai i ish gjyqtarit Gjin Gjoni, i cili prej nj\u00eb viti \u00ebsht\u00eb b\u00ebr\u00eb pjes\u00eb e politik\u00ebs si kryetar i Partis\u00eb Demokratike n\u00eb Lezh\u00eb dhe kandidat p\u00ebr primare p\u00ebr t\u00eb qen\u00eb deputet.<\/p>\n","protected":false},"excerpt":{"rendered":"<p>Nj\u00eb sasi l\u00ebnde plas\u00ebse i \u00ebsht\u00eb vendosur zyr\u00ebs noteriale t\u00eb noterit Fran Gjoni, e cila ndodhet pran\u00eb sheshit \u201cGjergj Kastrioti\u201d n\u00eb qend\u00ebr t\u00eb qytetit t\u00eb Lezh\u00ebs. Nga shp\u00ebrthim jan\u00eb shkaktuar d\u00ebme materiale, nd\u00ebrsa referuar pamjeve t\u00eb kamerave t\u00eb siguris\u00eb, kan\u00eb qen\u00eb dy persona t\u00eb cil\u00ebt kan\u00eb vendosur l\u00ebnd\u00ebn plas\u00ebse dhe jan\u00eb larguar. Fran Gjoni \u00ebsht\u00eb &hellip;<\/p>\n","protected":false},"author":4,"featured_media":105794,"comment_status":"closed","ping_status":"closed","sticky":false,"template":"","format":"standard","meta":{"footnotes":""},"categories":[37],"tags":[],"class_list":["post-105793","post","type-post","status-publish","format-standard","has-post-thumbnail","","category-politike"],"_links":{"self":[{"href":"https:\/\/rdnews.al\/index.php\/wp-json\/wp\/v2\/posts\/105793","targetHints":{"allow":["GET"]}}],"collection":[{"href":"https:\/\/rdnews.al\/index.php\/wp-json\/wp\/v2\/posts"}],"about":[{"href":"https:\/\/rdnews.al\/index.php\/wp-json\/wp\/v2\/types\/post"}],"author":[{"embeddable":true,"href":"https:\/\/rdnews.al\/index.php\/wp-json\/wp\/v2\/users\/4"}],"replies":[{"embeddable":true,"href":"https:\/\/rdnews.al\/index.php\/wp-json\/wp\/v2\/comments?post=105793"}],"version-history":[{"count":1,"href":"https:\/\/rdnews.al\/index.php\/wp-json\/wp\/v2\/posts\/105793\/revisions"}],"predecessor-version":[{"id":105795,"href":"https:\/\/rdnews.al\/index.php\/wp-json\/wp\/v2\/posts\/105793\/revisions\/105795"}],"wp:featuredmedia":[{"embeddable":true,"href":"https:\/\/rdnews.al\/index.php\/wp-json\/wp\/v2\/media\/105794"}],"wp:attachment":[{"href":"https:\/\/rdnews.al\/index.php\/wp-json\/wp\/v2\/media?parent=105793"}],"wp:term":[{"taxonomy":"category","embeddable":true,"href":"https:\/\/rdnews.al\/index.php\/wp-json\/wp\/v2\/categories?post=105793"},{"taxonomy":"post_tag","embeddable":true,"href":"https:\/\/rdnews.al\/index.php\/wp-json\/wp\/v2\/tags?post=105793"}],"curies":[{"name":"wp","href":"https:\/\/api.w.org\/{rel}","templated":true}]}}