{"id":105799,"date":"2025-02-26T09:41:35","date_gmt":"2025-02-26T09:41:35","guid":{"rendered":"https:\/\/rdnews.al\/?p=105799"},"modified":"2025-02-26T09:41:35","modified_gmt":"2025-02-26T09:41:35","slug":"shtet-vrasesish","status":"publish","type":"post","link":"https:\/\/rdnews.al\/index.php\/2025\/02\/26\/shtet-vrasesish\/","title":{"rendered":"Shtet vras\u00ebsish!\u00a0"},"content":{"rendered":"<p>Mandarinat me helme q\u00eb u bllokuan nga Kroacia n\u00eb dhjetor t\u00eb vitit t\u00eb kaluar iu shit\u00ebn qytetar\u00ebve shqiptar\u00eb pas kthimit nga shteti fqinj. Edhe pse produktet e rrezikshme duhet t\u00eb ishin shkat\u00ebrruar, ato jan\u00eb rihedhur s\u00ebrish n\u00eb treg, n\u00ebn hund\u00ebn e Autoriteti Komb\u00ebtar t\u00eb Ushqimit dhe gjith\u00eb strukturave t\u00eb tjera shtet\u00ebrore q\u00eb duhet t\u00eb garantojn\u00eb sh\u00ebndetin dhe jet\u00ebn e konsumator\u00ebve.<\/p>\n<p>Skandali i r\u00ebnd\u00eb \u00ebsht\u00eb konfirmuar nga prokuroria e Beratit. WebLajm.com informon se nj\u00eb dit\u00eb m\u00eb par\u00eb, organi i akuz\u00ebs arrestoi tre persona mes t\u00eb cil\u00ebve dhe nj\u00eb inspektor t\u00eb AKU-s\u00eb n\u00eb Berat, t\u00eb cil\u00ebt pas kthimit t\u00eb mandarinave nga Kroacia n\u00eb vend t\u00eb groposjes dhe shkat\u00ebrrimit t\u00eb tyre i kan\u00eb rihedhur s\u00ebrish n\u00eb treg duke iu shitur qytetar\u00ebve 10 ton\u00eb mandarina me helme.<\/p>\n<p>Seksioni p\u00ebr Hetimin e Krimit Ekonomik-Financiar, n\u00eb bashk\u00ebpunim me Prokurorin\u00eb pran\u00eb Gjykat\u00ebs s\u00eb Shkall\u00ebs Par\u00eb t\u00eb Juridiksionit t\u00eb P\u00ebrgjithsh\u00ebm Berat, pas hetimeve disa mujore t\u00eb kryera n\u00eb kuad\u00ebr t\u00eb Procedimit Penal nr. 768 t\u00eb vitit 2024, ka regjistruar p\u00ebr veprat penale:<\/p>\n<p>\u201cShkelja e rregullave mbi l\u00ebnd\u00ebt helmuese\u201d.<\/p>\n<p>\u201cProdhimi dhe shitja e ushqimeve dhe l\u00ebnd\u00ebve t\u00eb tjera t\u00eb rrezikshme p\u00ebr sh\u00ebndetin ose jet\u00ebn e njer\u00ebzve\u201d.<\/p>\n<p>\u201cMashtrimi me produktet ushqimore\u201d.<\/p>\n<p>\u201cShp\u00ebrdorimi i detyr\u00ebs\u201d.<\/p>\n<p>k\u00ebto veprime jan\u00eb parashikuar nga nenet 281, 288, 288\/c dhe 248 t\u00eb Kodit Penal. Si rezultat i hetimeve, jan\u00eb ndaluar shtetasit:<\/p>\n<p>Arben Dyli, lindur n\u00eb vitin 1969<\/p>\n<p>Elton Tafa, lindur n\u00eb vitin 1979<\/p>\n<p>Elson Tahiraj, lindur n\u00eb vitin 1995<\/p>\n<p>Ndalimi i k\u00ebtyre shtetasve u b\u00eb pasi nga veprimet hetimore t\u00eb deritanishme dyshohet se shtetasi Elton Tafa, me profesion fermer, ka shitur shtetasit Arben Dyli (administrator i pik\u00ebs s\u00eb grumbullimit) nj\u00eb sasi prej rreth 10 ton\u00ebsh mandarina, t\u00eb cilat m\u00eb pas, subjekti i shtetasit Arben Dyli i ka eksportuar drejt Kroacis\u00eb.<\/p>\n<p>Nga autoritetet kroate jan\u00eb kryer analizat e nevojshme, nga ku ka rezultuar se sasia e mandarinave kishte p\u00ebrmbajtje t\u00eb lart\u00eb t\u00eb pesticidit \u201cFosmet\u201d, nj\u00eb pesticid i d\u00ebmsh\u00ebm p\u00ebr sh\u00ebndetin dhe i ndaluar p\u00ebr tu p\u00ebrdorur. N\u00eb k\u00ebto kushte, ngarkesa e mandarinave \u00ebsht\u00eb kthyer mbrapa n\u00eb vendin e origjin\u00ebs, ku rezulton se \u00ebsht\u00eb t\u00ebrhequr nga shtetasi Arben Dyli dhe m\u00eb pas dyshohet se \u00ebsht\u00eb hedhur s\u00ebrish n\u00eb treg, duke mos e asgj\u00ebsuar sipas procedur\u00ebs p\u00ebrkat\u00ebse.<\/p>\n<p>Gjithashtu, dyshohet se shtetasi Elson Tahiraj, me detyr\u00eb inspektor pran\u00eb Drejtoris\u00eb Rajonale t\u00eb Veterinaris\u00eb dhe Mbrojtjes s\u00eb Bimeve, ka shp\u00ebrdoruar detyr\u00ebn duke l\u00ebshuar certifikata fitosanitare fiktive p\u00ebr subjekte t\u00eb ndryshme, nd\u00ebr to edhe p\u00ebr subjektin e shtetasit Arben Dyli.<\/p>\n<p>Materialet i kaluan Prokuroris\u00eb pran\u00eb Gjykat\u00ebs s\u00eb Shkall\u00ebs Par\u00eb t\u00eb Juridiksionit t\u00eb P\u00ebrgjithsh\u00ebm Berat p\u00ebr veprime t\u00eb m\u00ebtejshme hetimore.\/ Weblajm.com<\/p>\n","protected":false},"excerpt":{"rendered":"<p>Mandarinat me helme q\u00eb u bllokuan nga Kroacia n\u00eb dhjetor t\u00eb vitit t\u00eb kaluar iu shit\u00ebn qytetar\u00ebve shqiptar\u00eb pas kthimit nga shteti fqinj. Edhe pse produktet e rrezikshme duhet t\u00eb ishin shkat\u00ebrruar, ato jan\u00eb rihedhur s\u00ebrish n\u00eb treg, n\u00ebn hund\u00ebn e Autoriteti Komb\u00ebtar t\u00eb Ushqimit dhe gjith\u00eb strukturave t\u00eb tjera shtet\u00ebrore q\u00eb duhet t\u00eb garantojn\u00eb &hellip;<\/p>\n","protected":false},"author":4,"featured_media":105800,"comment_status":"closed","ping_status":"closed","sticky":false,"template":"","format":"standard","meta":{"footnotes":""},"categories":[37],"tags":[],"class_list":["post-105799","post","type-post","status-publish","format-standard","has-post-thumbnail","","category-politike"],"_links":{"self":[{"href":"https:\/\/rdnews.al\/index.php\/wp-json\/wp\/v2\/posts\/105799","targetHints":{"allow":["GET"]}}],"collection":[{"href":"https:\/\/rdnews.al\/index.php\/wp-json\/wp\/v2\/posts"}],"about":[{"href":"https:\/\/rdnews.al\/index.php\/wp-json\/wp\/v2\/types\/post"}],"author":[{"embeddable":true,"href":"https:\/\/rdnews.al\/index.php\/wp-json\/wp\/v2\/users\/4"}],"replies":[{"embeddable":true,"href":"https:\/\/rdnews.al\/index.php\/wp-json\/wp\/v2\/comments?post=105799"}],"version-history":[{"count":1,"href":"https:\/\/rdnews.al\/index.php\/wp-json\/wp\/v2\/posts\/105799\/revisions"}],"predecessor-version":[{"id":105801,"href":"https:\/\/rdnews.al\/index.php\/wp-json\/wp\/v2\/posts\/105799\/revisions\/105801"}],"wp:featuredmedia":[{"embeddable":true,"href":"https:\/\/rdnews.al\/index.php\/wp-json\/wp\/v2\/media\/105800"}],"wp:attachment":[{"href":"https:\/\/rdnews.al\/index.php\/wp-json\/wp\/v2\/media?parent=105799"}],"wp:term":[{"taxonomy":"category","embeddable":true,"href":"https:\/\/rdnews.al\/index.php\/wp-json\/wp\/v2\/categories?post=105799"},{"taxonomy":"post_tag","embeddable":true,"href":"https:\/\/rdnews.al\/index.php\/wp-json\/wp\/v2\/tags?post=105799"}],"curies":[{"name":"wp","href":"https:\/\/api.w.org\/{rel}","templated":true}]}}