{"id":105806,"date":"2025-02-26T10:06:03","date_gmt":"2025-02-26T10:06:03","guid":{"rendered":"https:\/\/rdnews.al\/?p=105806"},"modified":"2025-02-26T10:06:03","modified_gmt":"2025-02-26T10:06:03","slug":"kalaja-veliaj-edhe-pas-hekurave-manipulon-provat-dhe-intimidon-deshmitaret","status":"publish","type":"post","link":"https:\/\/rdnews.al\/index.php\/2025\/02\/26\/kalaja-veliaj-edhe-pas-hekurave-manipulon-provat-dhe-intimidon-deshmitaret\/","title":{"rendered":"Kalaja: Veliaj edhe pas hekurave manipulon provat dhe intimidon d\u00ebshmitar\u00ebt!"},"content":{"rendered":"<p>Nj\u00eb ngjarje e pazakont\u00eb\u00a0ka ndodhur gjat\u00eb dit\u00ebs s\u00eb djeshme p\u00ebrpara ambienteve t\u00eb Bashkis\u00eb s\u00eb Tiran\u00ebs, teksa kamioni i mir\u00ebmbjatjes s\u00eb objekteve publike ka marr\u00eb qindra dosje nga ky intitucion vendor me q\u00ebllim asgj\u00ebsimin e tyre.<\/p>\n<p>Kryetarja e Komisionit t\u00eb Apelimit n\u00eb PD, Adriana Kalaja, e cila ka ndjekur nga af\u00ebr ngarkimin e dokumenteve, tha n\u00eb nj\u00eb intervist\u00eb n\u00eb Syri Tv se, jan\u00eb tendera t\u00eb firmosura nga Bashkia e Tiran\u00ebs, p\u00ebr t\u00eb cilat thot\u00eb se ka njoftuar drejtuesin e SPAK, Altin Dumani dhe prokurorin e dosjes s\u00eb Erion Veliajt.<\/p>\n<p>Kalaja tha m\u00eb tej se, kutit\u00eb duhet t\u00eb ishin t\u00eb vulosura me num\u00ebr rendor, kush na siguron ne q\u00eb gjat\u00eb rrug\u00ebs meqen\u00ebse aty kishte tre punonj\u00ebs brenda nuk jan\u00eb hequr dokumenta t\u00eb ndryshme duke u z\u00ebvend\u00ebsuar me t\u00eb tjera.<\/p>\n<p>\u201cKa nj\u00eb ligj p\u00ebr administrimit e dokumentave, ka dhe nj\u00eb ligj tjet\u00ebr p\u00ebr arkivat dhe jan\u00eb t\u00eb p\u00ebrcaktuara modalitetet se si dalin jasht\u00eb nj\u00eb funksioni p\u00ebr t\u00eb ju drejtuar\u00a0 arkiv\u00ebs apo nj\u00eb institucioni tjet\u00ebr dokumentat.<\/p>\n<p>Kutit\u00eb duhet t\u00eb ishin t\u00eb vulosura me num\u00ebr rendor, kush na siguron ne q\u00eb gjat\u00eb rrug\u00ebs meqen\u00ebse aty kishte tre punonj\u00ebs brenda nuk jan\u00eb hequr dokumenta t\u00eb ndryshme duke u z\u00ebvend\u00ebsuar me t\u00eb tjera.<\/p>\n<p>Kjo \u00ebsht\u00eb sot edhe dje, por sot sidomos n\u00eb dor\u00eb t\u00eb prokuror\u00ebve t\u00eb \u00e7\u00ebshtjes duke filluar q\u00eb nga Olsi Dado dhe Altin Dumani q\u00eb e kan\u00eb \u00e7\u00ebshtjen aktuale p\u00ebr t\u00eb cil\u00ebn Velaij \u00ebsht\u00eb pas hekurave dhe konfirmon edhe nj\u00eb her\u00eb se sa e nevojshme ka qen\u00eb masa e arrestit.<\/p>\n<p>\u00c7do dit\u00eb q\u00eb kalon Veliaj duhet t\u00eb kaloj\u00eb n\u00eb sistemin 41Biss, sepse ju e shikoni vet\u00eb se sa i rreziksh\u00ebm \u00ebsht\u00eb p\u00ebr fshehje dhe manipulimin apo zhdukjen e provave apo intimidimin e provave.<\/p>\n<p>K\u00ebto pamje duhet t\u2019i administoj\u00eb organi i akuz\u00ebs SPAK dhe k\u00ebto pamje v\u00ebrtetojn\u00eb qartazi q\u00eb aty nuk kemi t\u00eb b\u00ebjm\u00eb me nj\u00eb transferim nga posht\u00eb, por me fshehje provash dhe\u00a0 kush fshihet pas k\u00ebsaj?<\/p>\n<p>Pun\u00ebtor\u00ebt e ngarkim-shkarkimit? Jo, sepse ata pun\u00ebtor\u00eb jan\u00eb.<\/p>\n<p>\u00c7far\u00eb pun\u00eb ka makina e mir\u00ebmbajtjes me bashkin\u00eb e Tiran\u00ebs, n\u00eb aspektin e transferimit t\u00eb dosjeve dhe aqm\u00eb shum\u00eb n\u00ebse ata do ishin n\u00eb pun\u00ebn e tyre do b\u00ebnin di\u00e7ka ligjore, pra mund t\u00eb dilnin e t\u00eb\u00a0 informonin gazetar\u00ebt q\u00eb ishin jasht\u00eb lidhur me k\u00ebt\u00eb transferim\u201d, tha Kalaja.<\/p>\n","protected":false},"excerpt":{"rendered":"<p>Nj\u00eb ngjarje e pazakont\u00eb\u00a0ka ndodhur gjat\u00eb dit\u00ebs s\u00eb djeshme p\u00ebrpara ambienteve t\u00eb Bashkis\u00eb s\u00eb Tiran\u00ebs, teksa kamioni i mir\u00ebmbjatjes s\u00eb objekteve publike ka marr\u00eb qindra dosje nga ky intitucion vendor me q\u00ebllim asgj\u00ebsimin e tyre. Kryetarja e Komisionit t\u00eb Apelimit n\u00eb PD, Adriana Kalaja, e cila ka ndjekur nga af\u00ebr ngarkimin e dokumenteve, tha n\u00eb &hellip;<\/p>\n","protected":false},"author":4,"featured_media":105690,"comment_status":"closed","ping_status":"closed","sticky":false,"template":"","format":"standard","meta":{"footnotes":""},"categories":[37],"tags":[],"class_list":["post-105806","post","type-post","status-publish","format-standard","has-post-thumbnail","","category-politike"],"_links":{"self":[{"href":"https:\/\/rdnews.al\/index.php\/wp-json\/wp\/v2\/posts\/105806","targetHints":{"allow":["GET"]}}],"collection":[{"href":"https:\/\/rdnews.al\/index.php\/wp-json\/wp\/v2\/posts"}],"about":[{"href":"https:\/\/rdnews.al\/index.php\/wp-json\/wp\/v2\/types\/post"}],"author":[{"embeddable":true,"href":"https:\/\/rdnews.al\/index.php\/wp-json\/wp\/v2\/users\/4"}],"replies":[{"embeddable":true,"href":"https:\/\/rdnews.al\/index.php\/wp-json\/wp\/v2\/comments?post=105806"}],"version-history":[{"count":1,"href":"https:\/\/rdnews.al\/index.php\/wp-json\/wp\/v2\/posts\/105806\/revisions"}],"predecessor-version":[{"id":105807,"href":"https:\/\/rdnews.al\/index.php\/wp-json\/wp\/v2\/posts\/105806\/revisions\/105807"}],"wp:featuredmedia":[{"embeddable":true,"href":"https:\/\/rdnews.al\/index.php\/wp-json\/wp\/v2\/media\/105690"}],"wp:attachment":[{"href":"https:\/\/rdnews.al\/index.php\/wp-json\/wp\/v2\/media?parent=105806"}],"wp:term":[{"taxonomy":"category","embeddable":true,"href":"https:\/\/rdnews.al\/index.php\/wp-json\/wp\/v2\/categories?post=105806"},{"taxonomy":"post_tag","embeddable":true,"href":"https:\/\/rdnews.al\/index.php\/wp-json\/wp\/v2\/tags?post=105806"}],"curies":[{"name":"wp","href":"https:\/\/api.w.org\/{rel}","templated":true}]}}