{"id":105813,"date":"2025-02-26T11:12:16","date_gmt":"2025-02-26T11:12:16","guid":{"rendered":"https:\/\/rdnews.al\/?p=105813"},"modified":"2025-02-26T11:16:16","modified_gmt":"2025-02-26T11:16:16","slug":"alimehmeti-mocion-me-debat-per-shkarkimin-e-erion-veliaj-eshte-ne-burg-vetem-per-nje-pjese-te-vjedhjeve","status":"publish","type":"post","link":"https:\/\/rdnews.al\/index.php\/2025\/02\/26\/alimehmeti-mocion-me-debat-per-shkarkimin-e-erion-veliaj-eshte-ne-burg-vetem-per-nje-pjese-te-vjedhjeve\/","title":{"rendered":"Alimehmeti: Mocion me debat p\u00ebr shkarkimin e Erion Veliajt, \u00ebsht\u00eb n\u00eb burg vet\u00ebm p\u00ebr nj\u00eb pjes\u00eb t\u00eb vjedhjeve"},"content":{"rendered":"<p>Kryetari i k\u00ebshilltar\u00ebve t\u00eb Partis\u00eb Demokratike n\u00eb Bashkin\u00eb e Tiran\u00ebs, Ilir Alimehmeti, gjat\u00eb nj\u00eb konference t\u00eb k\u00ebshilltar\u00ebve opozitar\u00eb t\u00eb kryeqytetit kan\u00eb k\u00ebrkuar shkarkimin e Erion Veliajt.<\/p>\n<p>Alimehmeti deklaroi se k\u00ebrkojn\u00eb mocion me debat p\u00ebr shkarkimin e Veliajt, i cili prej dat\u00ebs 10 shkurt ndodhet n\u00eb burgun e Durr\u00ebsit.<\/p>\n<p>&#8220;K\u00ebrkojm\u00eb\u00a0 q\u00eb Rama t\u00eb zbatoj\u00eb ligjin, t\u00eb shkarkoj\u00eb menj\u00ebher\u00eb Veliajn duke ju hapur rrug\u00eb procedurave ligjore dhe jo\u00a0 a qaj\u00eb at\u00eb nat\u00ebn e ti marr\u00eb vendin dit\u00ebn&#8221;, u shpreh Kryetari i k\u00ebshilltar\u00ebve t\u00eb Partis\u00eb Demokratike n\u00eb Bashkin\u00eb e Tiran\u00ebs, Ilir Alimehmeti.<\/p>\n<p>&#8220;Jemi sot n\u00eb nj\u00eb situat\u00eb ku bashkia e Tiran\u00ebs e ka kryebashkiakun n\u00eb burgun e Durr\u00ebsit prej dat\u00ebs 10 shkurt dhe K\u00ebshilli Bashkiak ka sot nj\u00eb mbledhje rutin\u00eb, jo me ugjenc\u00ebn e nevojitur t\u00eb rastit, ku ne kemi b\u00ebr\u00eb k\u00ebrkesat tona t\u00eb qarta p\u00ebr ndryshimet e rendit t\u00eb dit\u00ebs n\u00eb pikat e m\u00ebposhtme.<\/p>\n<p>E dim\u00eb shum\u00eb mir\u00eb dhe \u00ebsht\u00eb fakt q\u00eb Veliaj ndodhet n\u00eb paraburgimin e Durr\u00ebsit vet\u00ebm p\u00ebr nj\u00eb pjes\u00eb t\u00eb d\u00ebmeve q\u00eb i ka shkaktuar qytetar\u00ebve t\u00eb Tiran\u00ebs dhe ne kemi k\u00ebrkuar shkarkimin nga detyra t\u00eb tij.<\/p>\n<p>Duke marr\u00eb parasysh t\u00eb gjitha skandaleet hetimet dhe abuzimet me miliona euro t\u00eb bashkis\u00eb Tiran\u00eb, kujtoj k\u00ebtu rastin e inceneratorit inekzistent, apo p\u00ebrfitimin e fondeve t\u00eb bashkis\u00eb p\u00ebrmes skem\u00ebs 5D si dhe tjet\u00ebrsimin e fondeve t\u00eb bashkis\u00eb p\u00ebr p\u00ebrfitim personal.<\/p>\n<p>\u00cbsh\u00ebt gjithashtu fakt se Rama pas lot\u00ebve t\u00eb krokodilit uzurpoj bashkin\u00eb e Tiran\u00ebs dhe ky \u00ebsht\u00eb nj\u00eb veprim antikushtetues q\u00eb kryeministri kryen me vendim t\u00eb tij.<\/p>\n<p>Kryeministri nuk ka asnj\u00eb tag\u00ebr q\u00eb t\u00eb shkoj\u00eb e t\u00eb lajm\u00ebroj\u00eb kryetarin n\u00eb detyr\u00eb, funksion ky q\u00eb i takon k\u00ebshillit Bashkiak dhe k\u00ebt\u00eb uzurpim ai e b\u00ebn sepse \u00ebsht\u00eb i shqet\u00ebsuar p\u00ebr veten dhe mandatin e tij si dhe p\u00ebr marr\u00ebdh\u00ebnien q\u00eb do ket\u00eb ai me drejt\u00ebsin\u00eb.<\/p>\n<p>K\u00ebrkojm\u00eb q\u00eb Rama t\u00eb zbatoj\u00eb ligjin, t\u00eb shkarkoj\u00eb menj\u00ebher\u00eb Veliajn duke ju hapur rrug\u00eb procedurave ligjore dhe jo ta qaj\u00eb at\u00eb nat\u00ebn, e t\u2019i marr\u00eb vendin dit\u00ebn&#8221;, tha nd\u00ebr t\u00eb tjera Ilir Alimehmeti.<\/p>\n","protected":false},"excerpt":{"rendered":"<p>Kryetari i k\u00ebshilltar\u00ebve t\u00eb Partis\u00eb Demokratike n\u00eb Bashkin\u00eb e Tiran\u00ebs, Ilir Alimehmeti, gjat\u00eb nj\u00eb konference t\u00eb k\u00ebshilltar\u00ebve opozitar\u00eb t\u00eb kryeqytetit kan\u00eb k\u00ebrkuar shkarkimin e Erion Veliajt. Alimehmeti deklaroi se k\u00ebrkojn\u00eb mocion me debat p\u00ebr shkarkimin e Veliajt, i cili prej dat\u00ebs 10 shkurt ndodhet n\u00eb burgun e Durr\u00ebsit. &#8220;K\u00ebrkojm\u00eb\u00a0 q\u00eb Rama t\u00eb zbatoj\u00eb ligjin, t\u00eb &hellip;<\/p>\n","protected":false},"author":4,"featured_media":105816,"comment_status":"closed","ping_status":"closed","sticky":false,"template":"","format":"standard","meta":{"footnotes":""},"categories":[37],"tags":[],"class_list":["post-105813","post","type-post","status-publish","format-standard","has-post-thumbnail","","category-politike"],"_links":{"self":[{"href":"https:\/\/rdnews.al\/index.php\/wp-json\/wp\/v2\/posts\/105813","targetHints":{"allow":["GET"]}}],"collection":[{"href":"https:\/\/rdnews.al\/index.php\/wp-json\/wp\/v2\/posts"}],"about":[{"href":"https:\/\/rdnews.al\/index.php\/wp-json\/wp\/v2\/types\/post"}],"author":[{"embeddable":true,"href":"https:\/\/rdnews.al\/index.php\/wp-json\/wp\/v2\/users\/4"}],"replies":[{"embeddable":true,"href":"https:\/\/rdnews.al\/index.php\/wp-json\/wp\/v2\/comments?post=105813"}],"version-history":[{"count":2,"href":"https:\/\/rdnews.al\/index.php\/wp-json\/wp\/v2\/posts\/105813\/revisions"}],"predecessor-version":[{"id":105817,"href":"https:\/\/rdnews.al\/index.php\/wp-json\/wp\/v2\/posts\/105813\/revisions\/105817"}],"wp:featuredmedia":[{"embeddable":true,"href":"https:\/\/rdnews.al\/index.php\/wp-json\/wp\/v2\/media\/105816"}],"wp:attachment":[{"href":"https:\/\/rdnews.al\/index.php\/wp-json\/wp\/v2\/media?parent=105813"}],"wp:term":[{"taxonomy":"category","embeddable":true,"href":"https:\/\/rdnews.al\/index.php\/wp-json\/wp\/v2\/categories?post=105813"},{"taxonomy":"post_tag","embeddable":true,"href":"https:\/\/rdnews.al\/index.php\/wp-json\/wp\/v2\/tags?post=105813"}],"curies":[{"name":"wp","href":"https:\/\/api.w.org\/{rel}","templated":true}]}}