{"id":105818,"date":"2025-02-26T11:18:50","date_gmt":"2025-02-26T11:18:50","guid":{"rendered":"https:\/\/rdnews.al\/?p=105818"},"modified":"2025-02-26T11:18:50","modified_gmt":"2025-02-26T11:18:50","slug":"teliti-arrestim-i-erion-veliajt-i-vonuar-cdo-dite-qe-ishte-ne-krye-te-bashkise-vetem-ka-vjedhur","status":"publish","type":"post","link":"https:\/\/rdnews.al\/index.php\/2025\/02\/26\/teliti-arrestim-i-erion-veliajt-i-vonuar-cdo-dite-qe-ishte-ne-krye-te-bashkise-vetem-ka-vjedhur\/","title":{"rendered":"Teliti: Arrestim i Erion Veliajt i vonuar! \u00c7do dit\u00eb q\u00eb ishte n\u00eb krye t\u00eb bashkis\u00eb, vet\u00ebm ka vjedhur!"},"content":{"rendered":"<p>N\u00ebnkryetari i K\u00ebshillit Bashkiak, Dorian Teliti, gjat\u00eb fjal\u00ebs s\u00eb n\u00eb konferenc\u00ebn e organizuar n\u00eb selin\u00eb e PD-s\u00eb nga k\u00ebshilltar\u00ebt t\u00eb opozit\u00ebs deklaroi se arrestimi i Erion Veliajt \u00ebsht\u00eb i vonuar.<\/p>\n<p>\u2018\u00c7do dit\u00eb q\u00eb ai ka qen\u00eb n\u00eb krye t\u00eb pun\u00ebve, jan\u00eb vjedhur e shp\u00ebrdoruar miliona euro, p\u00ebrve\u00e7 k\u00ebrkes\u00ebn p\u00ebr mocion sot, K\u00ebshilli Bashkiak duhet t\u00eb b\u00ebj\u00eb dhe di\u00e7ka tjet\u00ebr, t\u00eb ngrej\u00eb Komisionin e Brendsh\u00ebm t\u00eb kontrollit financiar q\u00eb \u00ebsht\u00eb detyrim ligjor dhe i rregullores s\u00eb vet\u00eb K\u00ebshillit Bashkiak\u2019- u shpreh Teliti gjate fjales se tij.<\/p>\n<p>\u2018\u00cbsht\u00eb p\u00ebr tu vler\u00ebsuar fakti q\u00eb Veliaj sot nuk \u00ebsht\u00eb m\u00eb n\u00eb krye t\u00eb bashkis\u00eb s\u00eb Tiran\u00ebs, por largimi\u00a0 i tij \u00ebsht\u00eb i vonuar.<\/p>\n<p>\u00c7do dit\u00eb q\u00eb ai ka qen\u00eb n\u00eb krye t\u00eb pun\u00ebve, jan\u00eb vjedhur miliona euro e shp\u00ebrdoruar e p\u00ebrve\u00e7 k\u00ebrkes\u00ebn p\u00ebr mocion sot, K\u00ebshilli Bashkiak duhet t\u00eb b\u00ebj\u00eb dhe di\u00e7ka tjet\u00ebr, t\u00eb ngrej\u00eb Komisionin e Brendsh\u00ebm t\u00eb kontrollit financiar q\u00eb \u00ebsht\u00eb detyrim ligjor dhe i rregullores s\u00eb vet\u00eb K\u00ebshillit Bashkiak.<\/p>\n<p>Komision i cili \u00ebsht\u00eb ngritur q\u00eb ne vitin 2023, por gjithmon\u00eb \u00ebsht\u00eb refuzuar me forc\u00eb nga Veliaj dhe K\u00ebshilltar\u00ebt e majt\u00eb.<\/p>\n<p>Fakti q\u00eb ai sot \u00ebsht\u00eb i arrestuar \u00ebsht\u00eb nj\u00eb prov\u00eb e pakund\u00ebshtueshme dhe nj\u00eb prov\u00eb e ngritjes s\u00eb k\u00ebtij komisioni.<\/p>\n<p>K\u00ebshilltar\u00ebt socialist\u00eb nuk e kan\u00eb m\u00eb kryetarin q\u00eb t\u2019i urdh\u00ebroj\u00eb e k\u00ebta t\u00eb mos sillen m\u00eb si ushtar\u00ebt e tij, por si ushtar\u00eb t\u00eb Tiran\u00ebs e qytetar\u00ebve, q\u00eb ngrihen n\u00eb m\u00ebngjes e ngrysen n\u00eb dark\u00eb p\u00ebr qytetar\u00ebt q\u00eb kan\u00eb 1000 probleme\u2019,\u00a0tha nd\u00ebr t\u00eb tjera Dorian Teliti.<\/p>\n","protected":false},"excerpt":{"rendered":"<p>N\u00ebnkryetari i K\u00ebshillit Bashkiak, Dorian Teliti, gjat\u00eb fjal\u00ebs s\u00eb n\u00eb konferenc\u00ebn e organizuar n\u00eb selin\u00eb e PD-s\u00eb nga k\u00ebshilltar\u00ebt t\u00eb opozit\u00ebs deklaroi se arrestimi i Erion Veliajt \u00ebsht\u00eb i vonuar. \u2018\u00c7do dit\u00eb q\u00eb ai ka qen\u00eb n\u00eb krye t\u00eb pun\u00ebve, jan\u00eb vjedhur e shp\u00ebrdoruar miliona euro, p\u00ebrve\u00e7 k\u00ebrkes\u00ebn p\u00ebr mocion sot, K\u00ebshilli Bashkiak duhet t\u00eb &hellip;<\/p>\n","protected":false},"author":4,"featured_media":105819,"comment_status":"closed","ping_status":"closed","sticky":false,"template":"","format":"standard","meta":{"footnotes":""},"categories":[37],"tags":[],"class_list":["post-105818","post","type-post","status-publish","format-standard","has-post-thumbnail","","category-politike"],"_links":{"self":[{"href":"https:\/\/rdnews.al\/index.php\/wp-json\/wp\/v2\/posts\/105818","targetHints":{"allow":["GET"]}}],"collection":[{"href":"https:\/\/rdnews.al\/index.php\/wp-json\/wp\/v2\/posts"}],"about":[{"href":"https:\/\/rdnews.al\/index.php\/wp-json\/wp\/v2\/types\/post"}],"author":[{"embeddable":true,"href":"https:\/\/rdnews.al\/index.php\/wp-json\/wp\/v2\/users\/4"}],"replies":[{"embeddable":true,"href":"https:\/\/rdnews.al\/index.php\/wp-json\/wp\/v2\/comments?post=105818"}],"version-history":[{"count":1,"href":"https:\/\/rdnews.al\/index.php\/wp-json\/wp\/v2\/posts\/105818\/revisions"}],"predecessor-version":[{"id":105820,"href":"https:\/\/rdnews.al\/index.php\/wp-json\/wp\/v2\/posts\/105818\/revisions\/105820"}],"wp:featuredmedia":[{"embeddable":true,"href":"https:\/\/rdnews.al\/index.php\/wp-json\/wp\/v2\/media\/105819"}],"wp:attachment":[{"href":"https:\/\/rdnews.al\/index.php\/wp-json\/wp\/v2\/media?parent=105818"}],"wp:term":[{"taxonomy":"category","embeddable":true,"href":"https:\/\/rdnews.al\/index.php\/wp-json\/wp\/v2\/categories?post=105818"},{"taxonomy":"post_tag","embeddable":true,"href":"https:\/\/rdnews.al\/index.php\/wp-json\/wp\/v2\/tags?post=105818"}],"curies":[{"name":"wp","href":"https:\/\/api.w.org\/{rel}","templated":true}]}}