{"id":105829,"date":"2025-02-26T11:51:58","date_gmt":"2025-02-26T11:51:58","guid":{"rendered":"https:\/\/rdnews.al\/?p=105829"},"modified":"2025-02-26T11:52:36","modified_gmt":"2025-02-26T11:52:36","slug":"berisha-eshte-krijuar-nje-fryme-optimizmi-vendosmerie-dhe-besimi-qe-nuk-eshte-pare-qe-nga-viti-91","status":"publish","type":"post","link":"https:\/\/rdnews.al\/index.php\/2025\/02\/26\/berisha-eshte-krijuar-nje-fryme-optimizmi-vendosmerie-dhe-besimi-qe-nuk-eshte-pare-qe-nga-viti-91\/","title":{"rendered":"Berisha: \u00cbsht\u00eb krijuar nj\u00eb frym\u00eb optimizmi, vendosm\u00ebrie dhe besimi e pa par\u00eb q\u00eb nga viti \u201891!"},"content":{"rendered":"<p>Kryetari i PD, Sali Berisha, tha gjatw fjalws sw tij nw mbledhjen e Grupit Parlamentar tha se, \u00ebsht\u00eb arritur t\u00eb krijohet nj\u00eb frym\u00eb optimizmi, vendosm\u00ebrie dhe besimi, e cila nuk \u00ebsht\u00eb par\u00eb ndonj\u00ebher\u00eb q\u00eb nga viti 1991.<\/p>\n<p>\u201cP\u00ebrsh\u00ebndetje t\u00eb p\u00ebrzem\u00ebrta, fal\u00ebnderime dhe mir\u00ebnjohje p\u00ebr t\u00eb gjith\u00eb angazhimin tuaj.<\/p>\n<p>P\u00ebr t\u00eb gjith\u00eb angazhimin e drejtuesve q\u00ebndror\u00eb dhe lokal\u00eb t\u00eb PD n\u00eb takime intensive, t\u00eb frytshme me emigracionin dhe diaspor\u00ebn n\u00eb Europ\u00eb dhe n\u00eb bot\u00eb.<\/p>\n<p>Si dhe p\u00ebr pun\u00ebn q\u00eb po b\u00ebhet me strukturat e PD n\u00eb t\u00eb gjitha qarqet e vendit p\u00ebr fushat\u00ebn elektorale t\u00eb zgjedhjeve t\u00eb 11 majit 2025.<\/p>\n<p>Mendoj se puna q\u00eb keni b\u00ebr\u00eb dhe po b\u00ebni \u00ebsht\u00eb shum\u00eb e vlefshme, shum\u00eb e r\u00ebnd\u00ebsishme p\u00ebr fitoren e PD.<\/p>\n<p>\u00cbsht\u00eb arritur t\u00eb krijohet nj\u00eb frym\u00eb optimizmi, vendosm\u00ebrie dhe besimi, e cila nuk \u00ebsht\u00eb par\u00eb ndonj\u00ebher\u00eb q\u00eb nga viti 1991.<\/p>\n<p>Disa koh\u00eb m\u00eb par\u00eb, duke b\u00ebr\u00eb analiz\u00ebn e disa element\u00ebve, un\u00eb krijova bindjen se ka disa ngjashm\u00ebri, sado q\u00eb Shqip\u00ebria e vitit 2025 me Shqip\u00ebrin\u00eb e vitit 1991 \u00ebsht\u00eb vite drite larg, p\u00ebrs\u00ebri ka ngjashm\u00ebri t\u00eb dhimbshme midis asaj periudhe dhe k\u00ebsaj periudhe.<\/p>\n<p>Ngjashm\u00ebrit\u00eb jan\u00eb thjesht, s\u00eb pari ka k\u00ebrc\u00ebnim t\u00eb liris\u00eb.<\/p>\n<p>Ka nj\u00eb agresion ndaj opozit\u00ebs, arrestime, burgosje, marrje mandatesh. K\u00ebto nuk ishin n\u00eb vitin 1991. Nuk na burgosnin drejtuesit kryesor\u00eb, pavar\u00ebsisht se i kishin t\u00eb gjitha mund\u00ebsit\u00eb, por k\u00ebt\u00eb nuk e b\u00ebn\u00eb.<\/p>\n<p>Kurse Edi Rama n\u00eb tradit\u00ebn e diktatur\u00ebs s\u00eb et\u00ebrve t\u00eb tij, nuk ndalet para asgj\u00ebje.<\/p>\n<p>Po k\u00ebshtu marrja e mandateve, burgosja e deputetit.<\/p>\n<p>Pra, t\u00eb gjitha k\u00ebto kan\u00eb zgjuar n\u00eb mendjen e njer\u00ebzve t\u00eb shkuar\u00ebn e hidhur t\u00eb atyre q\u00eb e kan\u00eb p\u00ebrjetuar.<\/p>\n<p>Tek t\u00eb tjer\u00ebt, jetojn\u00eb n\u00eb vende t\u00eb lira dhe e shohin q\u00eb nuk ka&#8230;<\/p>\n<p>Imagjinoni emigrant\u00ebt n\u00eb Itali, sikur t\u00eb shihnin tre lider\u00ebt e opozit\u00ebs, dy n\u00eb arrest, tjetri n\u00eb ndjekje penale.<\/p>\n<p>Apo n\u00eb Gjermani apo n\u00eb vendet e tjera.<\/p>\n<p>K\u00ebshtu q\u00eb kjo ngjashm\u00ebri&#8230;<\/p>\n<p>Dhe s\u00eb dyti, varf\u00ebria ekstreme. Shum\u00eb her\u00eb m\u00eb e madhe se \u00e7\u2019ishte, \u00e7ka p\u00ebrb\u00ebn nj\u00eb barr\u00eb edhe shpirt\u00ebrore, edhe materiale, edhe ekonomike p\u00ebr t\u00eb gjith\u00eb emigracionin dhe diaspor\u00ebn ton\u00eb.<\/p>\n<p>N\u00eb qoft\u00eb se Shqip\u00ebria nga viti 2013 deri n\u00eb vitin 2025 do kishte ndjekur trendin e rritjes s\u00eb rrogave, sot pensionisti nuk do merrte n\u00eb Mal t\u00eb Zi 450 euro, do merrte n\u00eb Shqip\u00ebri 450 euro.<\/p>\n<p>Sot rroga minimale n\u00eb Shqip\u00ebri nuk do ishte 400 euro, por do ishte sa \u00e7\u2019\u00ebsht\u00eb n\u00eb Rumani, 800 euro.<\/p>\n<p>Pra, mir\u00ebpo kjo \u00ebsht\u00eb nj\u00eb barr\u00eb, sepse k\u00ebta njer\u00ebz detyrohen t\u00eb \u00e7ojn\u00eb njer\u00ebzve t\u00eb tyre n\u00eb sht\u00ebpi p\u00ebr t\u00eb bler\u00eb kafshat\u00ebn, p\u00ebr t\u00eb bler\u00eb ila\u00e7et.<\/p>\n<p>Pra, jan\u00eb k\u00ebto dy faktor\u00eb, mendoj un\u00eb, q\u00eb kemi konstatuar k\u00ebt\u00eb frym\u00eb t\u00eb fuqishme vullneti p\u00ebr ndryshim n\u00eb Shqip\u00ebri\u201d, u shpreh Berisha.<\/p>\n","protected":false},"excerpt":{"rendered":"<p>Kryetari i PD, Sali Berisha, tha gjatw fjalws sw tij nw mbledhjen e Grupit Parlamentar tha se, \u00ebsht\u00eb arritur t\u00eb krijohet nj\u00eb frym\u00eb optimizmi, vendosm\u00ebrie dhe besimi, e cila nuk \u00ebsht\u00eb par\u00eb ndonj\u00ebher\u00eb q\u00eb nga viti 1991. \u201cP\u00ebrsh\u00ebndetje t\u00eb p\u00ebrzem\u00ebrta, fal\u00ebnderime dhe mir\u00ebnjohje p\u00ebr t\u00eb gjith\u00eb angazhimin tuaj. P\u00ebr t\u00eb gjith\u00eb angazhimin e drejtuesve q\u00ebndror\u00eb &hellip;<\/p>\n","protected":false},"author":4,"featured_media":105184,"comment_status":"closed","ping_status":"closed","sticky":false,"template":"","format":"standard","meta":{"footnotes":""},"categories":[37],"tags":[],"class_list":["post-105829","post","type-post","status-publish","format-standard","has-post-thumbnail","","category-politike"],"_links":{"self":[{"href":"https:\/\/rdnews.al\/index.php\/wp-json\/wp\/v2\/posts\/105829","targetHints":{"allow":["GET"]}}],"collection":[{"href":"https:\/\/rdnews.al\/index.php\/wp-json\/wp\/v2\/posts"}],"about":[{"href":"https:\/\/rdnews.al\/index.php\/wp-json\/wp\/v2\/types\/post"}],"author":[{"embeddable":true,"href":"https:\/\/rdnews.al\/index.php\/wp-json\/wp\/v2\/users\/4"}],"replies":[{"embeddable":true,"href":"https:\/\/rdnews.al\/index.php\/wp-json\/wp\/v2\/comments?post=105829"}],"version-history":[{"count":2,"href":"https:\/\/rdnews.al\/index.php\/wp-json\/wp\/v2\/posts\/105829\/revisions"}],"predecessor-version":[{"id":105831,"href":"https:\/\/rdnews.al\/index.php\/wp-json\/wp\/v2\/posts\/105829\/revisions\/105831"}],"wp:featuredmedia":[{"embeddable":true,"href":"https:\/\/rdnews.al\/index.php\/wp-json\/wp\/v2\/media\/105184"}],"wp:attachment":[{"href":"https:\/\/rdnews.al\/index.php\/wp-json\/wp\/v2\/media?parent=105829"}],"wp:term":[{"taxonomy":"category","embeddable":true,"href":"https:\/\/rdnews.al\/index.php\/wp-json\/wp\/v2\/categories?post=105829"},{"taxonomy":"post_tag","embeddable":true,"href":"https:\/\/rdnews.al\/index.php\/wp-json\/wp\/v2\/tags?post=105829"}],"curies":[{"name":"wp","href":"https:\/\/api.w.org\/{rel}","templated":true}]}}