{"id":105832,"date":"2025-02-26T12:03:58","date_gmt":"2025-02-26T12:03:58","guid":{"rendered":"https:\/\/rdnews.al\/?p=105832"},"modified":"2025-02-26T12:08:26","modified_gmt":"2025-02-26T12:08:26","slug":"berisha-deputeteve-lini-cdo-gje-dhe-merruni-me-regjistrimet-e-diaspores","status":"publish","type":"post","link":"https:\/\/rdnews.al\/index.php\/2025\/02\/26\/berisha-deputeteve-lini-cdo-gje-dhe-merruni-me-regjistrimet-e-diaspores\/","title":{"rendered":"Berisha-deputet\u00ebve: Lini \u00e7do gj\u00eb dhe merruni me regjistrimet e diaspor\u00ebs!"},"content":{"rendered":"<p>Lideri i opozit\u00ebs, Sali Berisha deklaroi n\u00eb takimin me deputet\u00ebt e PD se, programi yn\u00eb \u00ebsht\u00eb Kushtetuta jon\u00eb. Berisha u b\u00ebri thirrje deputet\u00ebve t\u00eb len\u00eb \u00e7do gj\u00eb dhe t\u00eb merren me regjistrimet e diaspor\u00ebs!<\/p>\n<p>\u201cUn\u00eb, megjith\u00ebse thash\u00eb keni b\u00ebr\u00eb pun\u00eb t\u00eb jasht\u00ebzakonshme, u b\u00ebj thirrje k\u00ebto dit\u00eb, t\u00eb l\u00ebm\u00eb \u00e7do gj\u00eb dhe deri m\u00eb dat\u00ebn 2 t\u2019u p\u00ebrkushtohemi regjistrimeve, numrit m\u00eb t\u00eb madh t\u00eb mundsh\u00ebm t\u00eb emigrant\u00ebve tan\u00eb p\u00ebr t\u00eb votuar.<\/p>\n<p>Tani, ky \u00ebsht\u00eb nj\u00eb zhvillim shum\u00eb pozitiv, kjo frym\u00eb, ky optimiz\u00ebm, ky vullnet q\u00eb pasqyrohet n\u00eb emigracion dhe diaspor\u00eb, ka nj\u00eb ndikim t\u00eb fuqish\u00ebm edhe n\u00eb Shqip\u00ebri, ku njer\u00ebzit jan\u00eb n\u00eb kushte m\u00eb t\u00eb v\u00ebshtira, p\u00ebrballojn\u00eb t\u00eb gjitha pasojat e narkoregjimit, po p\u00ebrs\u00ebri \u00ebsht\u00eb mesazh shprese, mesazh besimi se do \u00e7lirohemi dhe \u00ebsht\u00eb gj\u00eb shum\u00eb pozitive.<\/p>\n<p>Programi, p\u00ebrs\u00ebri un\u00eb theksoj, programi yn\u00eb duhet t\u00eb jet\u00eb libri yn\u00eb, Kushtetuta jon\u00eb n\u00eb k\u00ebto zgjedhje, n\u00eb kuptimin e komunikimit me ta.<\/p>\n<p>Ne, mbi t\u00eb gjitha do paraqesim programin.<\/p>\n<p>Kemi k\u00ebtu 3 libra, nj\u00eb lib\u00ebr \u00ebsht\u00eb p\u00ebr arritjet e PD-s\u00eb. Ne, pse e p\u00ebrdorim k\u00ebt\u00eb lib\u00ebr? Jo p\u00ebr glorifikim, por thjesht si nj\u00eb baz\u00eb q\u00eb na lejon ne t\u00eb shohim tek Shqip\u00ebria Madh\u00ebshtore.<\/p>\n<p>Se kur thua Shqip\u00ebria Madh\u00ebshtore, ting\u00ebllon joreale. Se m\u00eb tha nj\u00eb gazetar, ku e kishe madh\u00ebshtoren n\u00eb vitet 2005-2013.<\/p>\n<p>Po, i thash\u00eb un\u00eb, se dol\u00ebm nga grupi i vendeve me t\u00eb ardhura t\u00eb ul\u00ebta n\u00eb grupin e vendeve me t\u00eb ardhura t\u00eb mesme t\u00eb larta. Nuk ka m\u00eb madh\u00ebshtore. Kjo quhet quantum leap.<\/p>\n<p>Ishim me at\u00eb infrastruktur\u00eb, e p\u00ebrmbys\u00ebm. U an\u00ebtar\u00ebsuam n\u00eb NATO, b\u00ebm\u00eb vizat.<\/p>\n<p>Pra, thjesht p\u00ebr t\u00eb argumentuar pse na sh\u00ebrben ne ky libri i pun\u00ebve t\u00eb mira. Na sh\u00ebrben thjesht p\u00ebr vizionin ton\u00eb p\u00ebr t\u00eb ardhmen.<\/p>\n<p>Libri i dyt\u00eb, libri kryesor, programi yn\u00eb. Ky program ka gjithnj\u00eb qytetarin, askush nuk mund t\u00eb thot\u00eb se ku gjenden parat\u00eb. T\u00eb gjitha parat\u00eb jan\u00eb. Po si do i shp\u00ebrndash? N\u00eb qoft\u00eb se ne ndjejm\u00eb detyrim ndaj qytetar\u00ebve, sigurisht nj\u00eb pjes\u00eb t\u00eb tyre do i kthejm\u00eb n\u00eb rroga dhe pensione. Kjo \u00ebsht\u00eb e thjesht\u00eb.<\/p>\n<p>Prandaj do vendosim minimumin jetik 200 euro. Me 200 euro nuk do ket\u00eb m\u00eb varf\u00ebri ekstreme. T\u00eb gjith\u00eb e zhdukin n\u00eb k\u00ebt\u00eb m\u00ebnyr\u00eb varf\u00ebrin\u00eb ekstreme. Caktojn\u00eb nj\u00eb shum\u00eb dhe ajo shum\u00eb \u00ebsht\u00eb gjithnj\u00eb m\u00eb e madhe se e varf\u00ebris\u00eb ekstreme. T\u00eb biem pak n\u00eb paqe.<\/p>\n<p>Kjo \u00ebsht\u00eb vet\u00ebm fillimi. Rrogat minimale rriten me 20 p\u00ebrqind, jan\u00eb 400, b\u00ebhen 500.<\/p>\n<p>Kjo \u00ebsht\u00eb gjithnj\u00eb tre muajt e par\u00eb.<\/p>\n<p>Karta e konsumatorit. Po, nuk mund t\u00eb taksohen nj\u00eblloj n\u00eb ushqime ky q\u00eb merr 200 euro me ty q\u00eb merr 1 mij\u00eb euro. Ky do ket\u00eb kart\u00ebn e konsumatorit, t\u00eb pakt\u00ebn ato ushqime do i marr\u00eb pa taksa. Do i kthehen taksat.<\/p>\n<p>Energjia p\u00ebr biznesin. Si mund t\u00eb paguaj\u00eb biznesi 24 lek\u00eb p\u00ebr energji? Jo, do paguaj\u00eb 6 lek\u00eb dhe absolutisht e p\u00ebrballueshme 100 p\u00ebrqind.<\/p>\n<p>K\u00ebta vjedhin.<\/p>\n<p>A e dini ju se k\u00ebta sot pas 11 vitesh kan\u00eb t\u00eb nd\u00ebrtuar p\u00ebrve\u00e7 tunelit t\u00eb Llogaras\u00eb, absolutisht asnj\u00eb rrug\u00eb me buxhet t\u00eb tyre.<\/p>\n<p>Ura e Limuthit-Thuman\u00eb \u00ebsht\u00eb nd\u00ebrtuar me fondet e privatit. \u00cbsht\u00eb me kredi t\u00eb privatit.<\/p>\n<p>Bajpasi i Vlor\u00ebs me kredi t\u00eb dh\u00ebn\u00eb nga Komisioni Europian n\u00eb koh\u00ebn e PD.<\/p>\n<p>Bajpasi i Fierit me kredi dhe ka qen\u00eb i nd\u00ebrtuar deri n\u00eb gjysm\u00eb.<\/p>\n<p>Ku i \u00e7uan k\u00ebta? Rrasa guri n\u00eb sheshe.<\/p>\n<p>Po sa jan\u00eb ato? Jan\u00eb 57 miliard\u00eb euro pasi zbret rrogat. Me 57 miliard\u00eb euro nd\u00ebrton gj\u00ebra fantastike, p\u00ebrrallore.<\/p>\n<p>Ku jan\u00eb? I kan\u00eb zhdukur. Prandaj b\u00ebhen mbledhjet. A i pat\u00eb mbledhjet sot?\u201d, u shpreh Berisha.<\/p>\n","protected":false},"excerpt":{"rendered":"<p>Lideri i opozit\u00ebs, Sali Berisha deklaroi n\u00eb takimin me deputet\u00ebt e PD se, programi yn\u00eb \u00ebsht\u00eb Kushtetuta jon\u00eb. Berisha u b\u00ebri thirrje deputet\u00ebve t\u00eb len\u00eb \u00e7do gj\u00eb dhe t\u00eb merren me regjistrimet e diaspor\u00ebs! \u201cUn\u00eb, megjith\u00ebse thash\u00eb keni b\u00ebr\u00eb pun\u00eb t\u00eb jasht\u00ebzakonshme, u b\u00ebj thirrje k\u00ebto dit\u00eb, t\u00eb l\u00ebm\u00eb \u00e7do gj\u00eb dhe deri m\u00eb dat\u00ebn &hellip;<\/p>\n","protected":false},"author":4,"featured_media":105834,"comment_status":"closed","ping_status":"closed","sticky":false,"template":"","format":"standard","meta":{"footnotes":""},"categories":[37],"tags":[],"class_list":["post-105832","post","type-post","status-publish","format-standard","has-post-thumbnail","","category-politike"],"_links":{"self":[{"href":"https:\/\/rdnews.al\/index.php\/wp-json\/wp\/v2\/posts\/105832","targetHints":{"allow":["GET"]}}],"collection":[{"href":"https:\/\/rdnews.al\/index.php\/wp-json\/wp\/v2\/posts"}],"about":[{"href":"https:\/\/rdnews.al\/index.php\/wp-json\/wp\/v2\/types\/post"}],"author":[{"embeddable":true,"href":"https:\/\/rdnews.al\/index.php\/wp-json\/wp\/v2\/users\/4"}],"replies":[{"embeddable":true,"href":"https:\/\/rdnews.al\/index.php\/wp-json\/wp\/v2\/comments?post=105832"}],"version-history":[{"count":1,"href":"https:\/\/rdnews.al\/index.php\/wp-json\/wp\/v2\/posts\/105832\/revisions"}],"predecessor-version":[{"id":105833,"href":"https:\/\/rdnews.al\/index.php\/wp-json\/wp\/v2\/posts\/105832\/revisions\/105833"}],"wp:featuredmedia":[{"embeddable":true,"href":"https:\/\/rdnews.al\/index.php\/wp-json\/wp\/v2\/media\/105834"}],"wp:attachment":[{"href":"https:\/\/rdnews.al\/index.php\/wp-json\/wp\/v2\/media?parent=105832"}],"wp:term":[{"taxonomy":"category","embeddable":true,"href":"https:\/\/rdnews.al\/index.php\/wp-json\/wp\/v2\/categories?post=105832"},{"taxonomy":"post_tag","embeddable":true,"href":"https:\/\/rdnews.al\/index.php\/wp-json\/wp\/v2\/tags?post=105832"}],"curies":[{"name":"wp","href":"https:\/\/api.w.org\/{rel}","templated":true}]}}