{"id":10586,"date":"2022-04-27T18:23:38","date_gmt":"2022-04-27T18:23:38","guid":{"rendered":"https:\/\/rdnews.al\/?p=10586"},"modified":"2022-04-27T18:23:38","modified_gmt":"2022-04-27T18:23:38","slug":"shkarkimi-i-kryeprokurores-imeraj-vendimi-i-padrejte-do-ta-dergoj-ceshtjen-ne-strasburg","status":"publish","type":"post","link":"https:\/\/rdnews.al\/index.php\/2022\/04\/27\/shkarkimi-i-kryeprokurores-imeraj-vendimi-i-padrejte-do-ta-dergoj-ceshtjen-ne-strasburg\/","title":{"rendered":"Shkarkimi i kryeprokurores, Imeraj: Vendimi i padrejt\u00eb, do ta d\u00ebrgoj \u00e7\u00ebshtjen n\u00eb Strasburg"},"content":{"rendered":"<p>Kolegji i Posa\u00e7\u00ebm i Apelimit shkarkoi nga detyra drejtuesen e Prokuroris\u00eb s\u00eb Tiran\u00ebs, Elisabeta Imeraj p\u00ebr probleme me pasurin\u00eb dhe figur\u00ebn.<\/p>\n<p>Elisabeta Imeraj n\u00eb nj\u00eb dalje p\u00ebr mediat e konsideroi t\u00eb padrejt\u00eb vendimin dhe paralajm\u00ebroi se do e d\u00ebrgoj\u00eb \u00e7\u00ebshtjen n\u00eb Strasburg.<\/p>\n<p>\u201cUn\u00eb besoj n\u00eb \u00e7do proces t\u00eb rregullt q\u00eb bazohet n\u00eb ligj, fakte dhe prova. At\u00eb jam munduar t\u00eb zbatoj n\u00eb pun\u00ebn time n\u00eb vite. Patjet\u00ebr q\u00eb edhe n\u00eb rang t\u00eb ecuris\u00eb s\u00eb vijimit t\u00eb procesit do t\u2019i drejtohem instancave t\u00eb tjera. Puna ime n\u00eb vite, prej 17 vitesh, besoj q\u00eb e ka folur m\u00eb s\u00eb miri e m\u00eb s\u00eb qarti se \u00e7far\u00eb pune, funksioni dhe m\u00ebnyre \u00ebsht\u00eb kryer puna e Prokurorit t\u00eb Republik\u00ebs s\u00eb Shqip\u00ebris\u00eb.\u201d<\/p>\n<p>Imeraj u konfirmua m\u00eb her\u00ebt nga Komisioni i Pavarur i Kualifikimit, por me sugjerim t\u00eb ONM, v\u00ebzhguesve nd\u00ebrkomb\u00ebtar, vendimi u apelua nga Komisioneri Publik.<\/p>\n<p>Pas shkarkimit t\u00eb Elisabeta Imerajt nga pozicioni i prokurores s\u00eb Tiran\u00ebs, ka folur p\u00ebr mediat edhe avokati i saj, i cili vinte posa\u00e7\u00ebrisht nga Strasburgu p\u00ebr k\u00ebt\u00eb \u00e7\u00ebshtje.<\/p>\n<p>Avokati i Imerajt, u shpreh se sot ishte dit\u00eb e trishtuar dhe se Shqip\u00ebria po humbiste nj\u00eb prokurore shum\u00eb t\u00eb aft\u00eb. Nd\u00ebr t\u00eb tjera, shtoi procesi ishte zhvilluar duke u bazuar n\u00eb prova fallco dhe se do t\u00eb nd\u00ebrmerreshin hapa t\u00eb m\u00ebtejsh\u00ebm p\u00ebr k\u00ebt\u00eb \u00e7\u00ebshtje.<\/p>\n<p><strong>Avokati i Imerajt<\/strong><\/p>\n<p>Sot \u00ebsht\u00eb nj\u00eb dit\u00eb e trishtuar p\u00ebr Shqip\u00ebrin\u00eb. Kemi provuar se sistemi i drejt\u00ebsis\u00eb n\u00eb Shqip\u00ebri po shkon keq dhe po del jasht\u00eb kontrollit.<\/p>\n<p>Nuk kam par\u00eb kurr\u00eb nj\u00eb proces t\u00eb till\u00eb me prova false ndaj klientes time. Mendoj se sot po humbisni nj\u00eb prokurore shum\u00eb t\u00eb aft\u00eb sepse sistemi \u00ebsht\u00eb jasht\u00eb kontrollit. Sigurisht q\u00eb do t\u00eb merremi me k\u00ebt\u00eb, n\u00ebse jo sot, mbase nes\u00ebr.<\/p>\n","protected":false},"excerpt":{"rendered":"<p>Kolegji i Posa\u00e7\u00ebm i Apelimit shkarkoi nga detyra drejtuesen e Prokuroris\u00eb s\u00eb Tiran\u00ebs, Elisabeta Imeraj p\u00ebr probleme me pasurin\u00eb dhe figur\u00ebn. Elisabeta Imeraj n\u00eb nj\u00eb dalje p\u00ebr mediat e konsideroi t\u00eb padrejt\u00eb vendimin dhe paralajm\u00ebroi se do e d\u00ebrgoj\u00eb \u00e7\u00ebshtjen n\u00eb Strasburg. \u201cUn\u00eb besoj n\u00eb \u00e7do proces t\u00eb rregullt q\u00eb bazohet n\u00eb ligj, fakte dhe &hellip;<\/p>\n","protected":false},"author":4,"featured_media":10587,"comment_status":"open","ping_status":"open","sticky":false,"template":"","format":"standard","meta":{"footnotes":""},"categories":[40],"tags":[],"class_list":["post-10586","post","type-post","status-publish","format-standard","has-post-thumbnail","","category-aktualitet"],"_links":{"self":[{"href":"https:\/\/rdnews.al\/index.php\/wp-json\/wp\/v2\/posts\/10586","targetHints":{"allow":["GET"]}}],"collection":[{"href":"https:\/\/rdnews.al\/index.php\/wp-json\/wp\/v2\/posts"}],"about":[{"href":"https:\/\/rdnews.al\/index.php\/wp-json\/wp\/v2\/types\/post"}],"author":[{"embeddable":true,"href":"https:\/\/rdnews.al\/index.php\/wp-json\/wp\/v2\/users\/4"}],"replies":[{"embeddable":true,"href":"https:\/\/rdnews.al\/index.php\/wp-json\/wp\/v2\/comments?post=10586"}],"version-history":[{"count":0,"href":"https:\/\/rdnews.al\/index.php\/wp-json\/wp\/v2\/posts\/10586\/revisions"}],"wp:featuredmedia":[{"embeddable":true,"href":"https:\/\/rdnews.al\/index.php\/wp-json\/wp\/v2\/media\/10587"}],"wp:attachment":[{"href":"https:\/\/rdnews.al\/index.php\/wp-json\/wp\/v2\/media?parent=10586"}],"wp:term":[{"taxonomy":"category","embeddable":true,"href":"https:\/\/rdnews.al\/index.php\/wp-json\/wp\/v2\/categories?post=10586"},{"taxonomy":"post_tag","embeddable":true,"href":"https:\/\/rdnews.al\/index.php\/wp-json\/wp\/v2\/tags?post=10586"}],"curies":[{"name":"wp","href":"https:\/\/api.w.org\/{rel}","templated":true}]}}