{"id":105867,"date":"2025-02-26T14:54:12","date_gmt":"2025-02-26T14:54:12","guid":{"rendered":"https:\/\/rdnews.al\/?p=105867"},"modified":"2025-02-26T14:55:24","modified_gmt":"2025-02-26T14:55:24","slug":"kqz-nuk-e-rregjistron-lulin-se-nuk-e-njeh-hasen","status":"publish","type":"post","link":"https:\/\/rdnews.al\/index.php\/2025\/02\/26\/kqz-nuk-e-rregjistron-lulin-se-nuk-e-njeh-hasen\/","title":{"rendered":"KQZ nuk e regjistron Lulin me emrin e ndryshuar n\u00eb Hasa"},"content":{"rendered":"<p>Komisioni Qendror i Zgjedhjeve nuk ka regjistruar \u201cKoalicion Euroatlantik\u201d, parti e s\u00eb cil\u00ebs \u00ebsht\u00eb pjes\u00eb dhe ish-kryetari i Partis\u00eb Demokratike, Lulzim Basha.<\/p>\n<p>K\u00ebt\u00eb t\u00eb m\u00ebrkur\u00eb, KQZ ka marr\u00eb vendimin p\u00ebr mos regjistrimin e partis\u00eb s\u00eb Bash\u00ebs duke theksuar se kreu i \u201cKoalicionit Euroatlantik\u201d, Endri Hasa nuk \u00ebsht\u00eb kryetar me vendim t\u00eb form\u00ebs s\u00eb prer\u00eb.<\/p>\n<p>Nd\u00ebrkoh\u00eb nga ana tjet\u00ebr Koalicioni Euroatlantik i ka k\u00ebrkuar koh\u00eb Komisionit Qendror t\u00eb Zgjedhjeve, me q\u00ebllim q\u00eb t\u00eb marrin vendimin e Apelit lidhur me em\u00ebrimin e kryetarit Endri Hasa n\u00eb krye t\u00eb k\u00ebsaj force t\u00eb re politike.<\/p>\n<p><em>\u201cE kemi t\u00eb pamundur t\u00eb sjellim vendim t\u00eb form\u00ebs s\u00eb prer\u00eb. Na prisni deri t\u00eb h\u00ebn\u00ebn. Afatet u p\u00ebrshpejtuan dhe ne kemi nevoj\u00eb p\u00ebr koh\u00eb\u201d, than\u00eb p\u00ebrfaq\u00ebsuesit e Koalicionit Euroatlantik.<\/em><\/p>\n<p>K\u00ebrkes\u00eb me t\u00eb cil\u00ebn Celibashi u dakord\u00ebsua duke iu th\u00ebn\u00eb p\u00ebrfaq\u00ebsuesve t\u00eb Koalicionit Euroatlantik se dit\u00ebn e h\u00ebn\u00eb t\u00eb dor\u00ebzojn\u00eb v\u00ebrtetimin nga regjistri i partive p\u00ebr ndryshimet e b\u00ebra.<\/p>\n","protected":false},"excerpt":{"rendered":"<p>Komisioni Qendror i Zgjedhjeve nuk ka regjistruar \u201cKoalicion Euroatlantik\u201d, parti e s\u00eb cil\u00ebs \u00ebsht\u00eb pjes\u00eb dhe ish-kryetari i Partis\u00eb Demokratike, Lulzim Basha. K\u00ebt\u00eb t\u00eb m\u00ebrkur\u00eb, KQZ ka marr\u00eb vendimin p\u00ebr mos regjistrimin e partis\u00eb s\u00eb Bash\u00ebs duke theksuar se kreu i \u201cKoalicionit Euroatlantik\u201d, Endri Hasa nuk \u00ebsht\u00eb kryetar me vendim t\u00eb form\u00ebs s\u00eb prer\u00eb. Nd\u00ebrkoh\u00eb &hellip;<\/p>\n","protected":false},"author":3,"featured_media":105868,"comment_status":"closed","ping_status":"closed","sticky":false,"template":"","format":"standard","meta":{"footnotes":""},"categories":[37],"tags":[],"class_list":["post-105867","post","type-post","status-publish","format-standard","has-post-thumbnail","","category-politike"],"_links":{"self":[{"href":"https:\/\/rdnews.al\/index.php\/wp-json\/wp\/v2\/posts\/105867","targetHints":{"allow":["GET"]}}],"collection":[{"href":"https:\/\/rdnews.al\/index.php\/wp-json\/wp\/v2\/posts"}],"about":[{"href":"https:\/\/rdnews.al\/index.php\/wp-json\/wp\/v2\/types\/post"}],"author":[{"embeddable":true,"href":"https:\/\/rdnews.al\/index.php\/wp-json\/wp\/v2\/users\/3"}],"replies":[{"embeddable":true,"href":"https:\/\/rdnews.al\/index.php\/wp-json\/wp\/v2\/comments?post=105867"}],"version-history":[{"count":3,"href":"https:\/\/rdnews.al\/index.php\/wp-json\/wp\/v2\/posts\/105867\/revisions"}],"predecessor-version":[{"id":105871,"href":"https:\/\/rdnews.al\/index.php\/wp-json\/wp\/v2\/posts\/105867\/revisions\/105871"}],"wp:featuredmedia":[{"embeddable":true,"href":"https:\/\/rdnews.al\/index.php\/wp-json\/wp\/v2\/media\/105868"}],"wp:attachment":[{"href":"https:\/\/rdnews.al\/index.php\/wp-json\/wp\/v2\/media?parent=105867"}],"wp:term":[{"taxonomy":"category","embeddable":true,"href":"https:\/\/rdnews.al\/index.php\/wp-json\/wp\/v2\/categories?post=105867"},{"taxonomy":"post_tag","embeddable":true,"href":"https:\/\/rdnews.al\/index.php\/wp-json\/wp\/v2\/tags?post=105867"}],"curies":[{"name":"wp","href":"https:\/\/api.w.org\/{rel}","templated":true}]}}