{"id":105875,"date":"2025-02-26T17:25:22","date_gmt":"2025-02-26T17:25:22","guid":{"rendered":"https:\/\/rdnews.al\/?p=105875"},"modified":"2025-02-26T17:25:22","modified_gmt":"2025-02-26T17:25:22","slug":"alimehmeti-bashkia-e-tiranes-ka-rene-ska-kryetar-u-mohua-fjala-e-lire","status":"publish","type":"post","link":"https:\/\/rdnews.al\/index.php\/2025\/02\/26\/alimehmeti-bashkia-e-tiranes-ka-rene-ska-kryetar-u-mohua-fjala-e-lire\/","title":{"rendered":"Alimehmeti: Bashkia e Tiran\u00ebs ka r\u00ebn\u00eb, s\u2019ka kryetar! U mohua fjala e lir\u00eb!"},"content":{"rendered":"<p>Pas mbledhjes s\u00eb K\u00ebshillit Bashkiak n\u00eb Bashkin\u00eb e Tiran\u00ebs, kryetari i grupit t\u00eb k\u00ebshilltar\u00ebve t\u00eb opozit\u00ebs, Ilir Alimehmeti tha se, sot institucioni vendor ka r\u00ebn\u00eb.<\/p>\n<p>N\u00eb deklarat\u00ebn e b\u00ebr\u00eb jasht\u00eb Bashkis\u00eb, Alimehmeti tha se n\u00eb mbledhjen e sotme kishte munges\u00eb t\u00eb theksuar t\u00eb k\u00ebshilltar\u00ebve bashkiak\u00eb, si dhe t\u00eb kryetares s\u00eb k\u00ebshillit.<\/p>\n<p>Nga ana tjet\u00ebr tha ai, n\u00eb mbledhje iu \u00ebsht\u00eb mohuar e drejta e fjal\u00ebs s\u00eb lir\u00eb.<\/p>\n<p>\u201c\u00cbsht\u00eb shum\u00eb e qart\u00eb q\u00eb Bashkia e Tiran\u00ebs po vuan thell\u00eb t\u00eb abuzimit t\u00eb fondeve, kjo p\u00ebr shkakun q\u00eb tashm\u00eb e dim\u00eb shum\u00eb mir\u00eb, t\u00eb zotit Veliaj q\u00eb abuzoi p\u00ebr shum\u00eb vite e tani \u00ebsht\u00eb i burgosur n\u00eb Durr\u00ebs. P\u00ebr k\u00ebto arsye, K\u00ebshilli Bashkiak menj\u00ebher\u00eb duhet t\u00eb kishte reaguar q\u00eb prej arrestimit t\u00eb tij, nuk e b\u00ebri.<\/p>\n<p>Mund t\u00eb kishte thirrur mbledhje emergjente, nuk e b\u00ebri. Mund t\u00eb kishte thirrur edhe mbledhje t\u00eb zakonshme me rend dite, ku t\u00eb diskutonte absolutisht k\u00ebt\u00eb situat\u00eb q\u00eb kemi, munges\u00ebn dhe p\u00ebr \u00e7far\u00eb arsye vazhdon Erion Veliaj t\u00eb drejtoj\u00eb bashkin\u00eb. Duhej debatuar n\u00ebse duhej shkarkuar nga ana e K\u00ebshillit Bashkiak apo jo. Nuk e b\u00ebri, k\u00ebrkoi opozita e bashkuar t\u00eb futej debati p\u00ebr shkarkimin e Erion Veliaj dhe m\u00eb tej do t\u00eb hidhej me vot\u00eb, jo nuk u lejua as fjala p\u00ebr procedur\u00eb.<\/p>\n<p>Dhe fjala e lir\u00eb u mohua nga ana e n\u00ebnkryetarit, zotit Hodaj, sepse dhe kryetarja e K\u00ebshillit Bashkiak sot mungonte, si\u00e7 vum\u00eb re edhe shum\u00eb mungesa t\u00eb tjera k\u00ebshilltar\u00ebsh bashkiak\u00eb brenda, duke e ditur fare mir\u00eb se p\u00ebr \u00e7far\u00eb do t\u00eb diskutohej. Pra, sot ne jemi n\u00eb kushtet kur nj\u00eb institucion bie sepse ka r\u00ebn\u00eb kryetari i saj, sepse n\u00ebnkryetari nuk \u00ebsht\u00eb em\u00ebruar nga K\u00ebshilli Bashkiak dhe kjo \u00ebsht\u00eb nj\u00eb tem\u00eb tjet\u00ebr shkelje. Sepse kryesia e K\u00ebshillit Bashkiak nuk b\u00ebn pun\u00ebn e vet\u00eb, q\u00eb do t\u00eb thot\u00eb, t\u2019i jap\u00eb fjal\u00ebn p\u00ebrfaq\u00ebsuesve t\u00eb njer\u00ebzve. Secili nga ne \u00ebsht\u00eb p\u00ebrfaq\u00ebsues i njer\u00ebzve dhe secili ka t\u00eb drejt\u00ebn t\u00eb marr\u00eb fjal\u00ebn dhe t\u00eb propozoj\u00eb\u201d, u shpreh Alimehmeti.<\/p>\n","protected":false},"excerpt":{"rendered":"<p>Pas mbledhjes s\u00eb K\u00ebshillit Bashkiak n\u00eb Bashkin\u00eb e Tiran\u00ebs, kryetari i grupit t\u00eb k\u00ebshilltar\u00ebve t\u00eb opozit\u00ebs, Ilir Alimehmeti tha se, sot institucioni vendor ka r\u00ebn\u00eb. N\u00eb deklarat\u00ebn e b\u00ebr\u00eb jasht\u00eb Bashkis\u00eb, Alimehmeti tha se n\u00eb mbledhjen e sotme kishte munges\u00eb t\u00eb theksuar t\u00eb k\u00ebshilltar\u00ebve bashkiak\u00eb, si dhe t\u00eb kryetares s\u00eb k\u00ebshillit. Nga ana tjet\u00ebr tha &hellip;<\/p>\n","protected":false},"author":4,"featured_media":105876,"comment_status":"closed","ping_status":"closed","sticky":false,"template":"","format":"standard","meta":{"footnotes":""},"categories":[37],"tags":[],"class_list":["post-105875","post","type-post","status-publish","format-standard","has-post-thumbnail","","category-politike"],"_links":{"self":[{"href":"https:\/\/rdnews.al\/index.php\/wp-json\/wp\/v2\/posts\/105875","targetHints":{"allow":["GET"]}}],"collection":[{"href":"https:\/\/rdnews.al\/index.php\/wp-json\/wp\/v2\/posts"}],"about":[{"href":"https:\/\/rdnews.al\/index.php\/wp-json\/wp\/v2\/types\/post"}],"author":[{"embeddable":true,"href":"https:\/\/rdnews.al\/index.php\/wp-json\/wp\/v2\/users\/4"}],"replies":[{"embeddable":true,"href":"https:\/\/rdnews.al\/index.php\/wp-json\/wp\/v2\/comments?post=105875"}],"version-history":[{"count":1,"href":"https:\/\/rdnews.al\/index.php\/wp-json\/wp\/v2\/posts\/105875\/revisions"}],"predecessor-version":[{"id":105877,"href":"https:\/\/rdnews.al\/index.php\/wp-json\/wp\/v2\/posts\/105875\/revisions\/105877"}],"wp:featuredmedia":[{"embeddable":true,"href":"https:\/\/rdnews.al\/index.php\/wp-json\/wp\/v2\/media\/105876"}],"wp:attachment":[{"href":"https:\/\/rdnews.al\/index.php\/wp-json\/wp\/v2\/media?parent=105875"}],"wp:term":[{"taxonomy":"category","embeddable":true,"href":"https:\/\/rdnews.al\/index.php\/wp-json\/wp\/v2\/categories?post=105875"},{"taxonomy":"post_tag","embeddable":true,"href":"https:\/\/rdnews.al\/index.php\/wp-json\/wp\/v2\/tags?post=105875"}],"curies":[{"name":"wp","href":"https:\/\/api.w.org\/{rel}","templated":true}]}}