{"id":105879,"date":"2025-02-26T17:44:45","date_gmt":"2025-02-26T17:44:45","guid":{"rendered":"https:\/\/rdnews.al\/?p=105879"},"modified":"2025-02-26T17:44:45","modified_gmt":"2025-02-26T17:44:45","slug":"berisha-nje-minut-heshtje-ne-kujtim-te-22-intelektualeve-te-vrare-nga-komunismi","status":"publish","type":"post","link":"https:\/\/rdnews.al\/index.php\/2025\/02\/26\/berisha-nje-minut-heshtje-ne-kujtim-te-22-intelektualeve-te-vrare-nga-komunismi\/","title":{"rendered":"Berisha, nj\u00eb minut heshtje n\u00eb kujtim t\u00eb 22 intelektual\u00ebve t\u00eb vrar\u00eb nga komunismi"},"content":{"rendered":"<p>Kryetari i Partis\u00eb Demokratike, Sali Berisha, mbajti nj\u00eb minut\u00eb heshtje n\u00eb kujtim t\u00eb 22 intelektual\u00ebve t\u00eb vrar\u00eb n\u00eb diktatur\u00eb.<\/p>\n<p>\u201cS\u00eb pari, ju p\u00ebrsh\u00ebndes shum\u00eb p\u00ebrzem\u00ebrsisht ju. P\u00ebrsh\u00ebndes t\u00eb gjith\u00eb an\u00ebtar\u00ebt e shtres\u00ebs suaj t\u00eb nderuar kudo q\u00eb ndodhen sot n\u00eb Shqip\u00ebri dhe n\u00eb t\u00eb kat\u00ebrta an\u00ebt e bot\u00ebs. Fal\u00ebnderoj p\u00ebr pun\u00ebn shum\u00eb t\u00eb mir\u00eb q\u00eb keni b\u00ebr\u00eb an\u00ebtar\u00ebt e k\u00ebtij paneli, t\u00eb gjith\u00eb n\u00eb bashk\u00ebpunim me ju, p\u00ebr t\u00eb paraqitur sot shtres\u00ebs suaj dhe para gjith\u00eb shqiptar\u00ebve nj\u00eb program t\u00eb ri t\u00eb PD p\u00ebr trajtimin dhe p\u00ebr p\u00ebrgjigjen p\u00ebrfundimtare t\u00eb nj\u00eb borxhi shum\u00eb t\u00eb madh q\u00eb shoq\u00ebria shqiptare ka ndaj shtres\u00ebs suaj.<\/p>\n<p>Meq\u00ebn\u00ebse jemi n\u00eb nj\u00eb dit\u00eb t\u00eb ve\u00e7ant\u00eb, jemi n\u00eb 74 vjetorin e aktit genocidal t\u00eb regjimit diktatorial stalinist t\u00eb Enver Hoxh\u00ebs, ekzekutimit t\u00eb 22 intelektual\u00ebve, nd\u00ebr m\u00eb t\u00eb shquarit e kombit, p\u00ebr fajin e tyre se nuk pajtoheshin kurr\u00eb me diktatur\u00ebn komuniste, nuk pajtoheshin kurr\u00eb me antivlerat e saj, por qendronin besnik t\u00eb atyre parimeve dhe vlerave q\u00eb ndajn\u00eb njer\u00ebzit e lir\u00eb dhe t\u00eb qytetar\u00ebrua kudo n\u00eb bot\u00eb, atdhetar\u00eb, besnik\u00eb t\u00eb dinjitetit njer\u00ebzor, tek Zoti, Shqip\u00ebria, t\u2019i nderojm\u00eb me nj\u00eb minut\u00eb heshtje kujtimin e tyre\u201d, tha Berisha.<\/p>\n","protected":false},"excerpt":{"rendered":"<p>Kryetari i Partis\u00eb Demokratike, Sali Berisha, mbajti nj\u00eb minut\u00eb heshtje n\u00eb kujtim t\u00eb 22 intelektual\u00ebve t\u00eb vrar\u00eb n\u00eb diktatur\u00eb. \u201cS\u00eb pari, ju p\u00ebrsh\u00ebndes shum\u00eb p\u00ebrzem\u00ebrsisht ju. P\u00ebrsh\u00ebndes t\u00eb gjith\u00eb an\u00ebtar\u00ebt e shtres\u00ebs suaj t\u00eb nderuar kudo q\u00eb ndodhen sot n\u00eb Shqip\u00ebri dhe n\u00eb t\u00eb kat\u00ebrta an\u00ebt e bot\u00ebs. Fal\u00ebnderoj p\u00ebr pun\u00ebn shum\u00eb t\u00eb mir\u00eb q\u00eb &hellip;<\/p>\n","protected":false},"author":4,"featured_media":105880,"comment_status":"closed","ping_status":"closed","sticky":false,"template":"","format":"standard","meta":{"footnotes":""},"categories":[37],"tags":[],"class_list":["post-105879","post","type-post","status-publish","format-standard","has-post-thumbnail","","category-politike"],"_links":{"self":[{"href":"https:\/\/rdnews.al\/index.php\/wp-json\/wp\/v2\/posts\/105879","targetHints":{"allow":["GET"]}}],"collection":[{"href":"https:\/\/rdnews.al\/index.php\/wp-json\/wp\/v2\/posts"}],"about":[{"href":"https:\/\/rdnews.al\/index.php\/wp-json\/wp\/v2\/types\/post"}],"author":[{"embeddable":true,"href":"https:\/\/rdnews.al\/index.php\/wp-json\/wp\/v2\/users\/4"}],"replies":[{"embeddable":true,"href":"https:\/\/rdnews.al\/index.php\/wp-json\/wp\/v2\/comments?post=105879"}],"version-history":[{"count":1,"href":"https:\/\/rdnews.al\/index.php\/wp-json\/wp\/v2\/posts\/105879\/revisions"}],"predecessor-version":[{"id":105881,"href":"https:\/\/rdnews.al\/index.php\/wp-json\/wp\/v2\/posts\/105879\/revisions\/105881"}],"wp:featuredmedia":[{"embeddable":true,"href":"https:\/\/rdnews.al\/index.php\/wp-json\/wp\/v2\/media\/105880"}],"wp:attachment":[{"href":"https:\/\/rdnews.al\/index.php\/wp-json\/wp\/v2\/media?parent=105879"}],"wp:term":[{"taxonomy":"category","embeddable":true,"href":"https:\/\/rdnews.al\/index.php\/wp-json\/wp\/v2\/categories?post=105879"},{"taxonomy":"post_tag","embeddable":true,"href":"https:\/\/rdnews.al\/index.php\/wp-json\/wp\/v2\/tags?post=105879"}],"curies":[{"name":"wp","href":"https:\/\/api.w.org\/{rel}","templated":true}]}}