{"id":105882,"date":"2025-02-26T17:50:59","date_gmt":"2025-02-26T17:50:59","guid":{"rendered":"https:\/\/rdnews.al\/?p=105882"},"modified":"2025-02-26T17:50:59","modified_gmt":"2025-02-26T17:50:59","slug":"berisha-diktatori-sot-nuk-ka-sigurim-por-ka-pojen-troplinet-e-bajret","status":"publish","type":"post","link":"https:\/\/rdnews.al\/index.php\/2025\/02\/26\/berisha-diktatori-sot-nuk-ka-sigurim-por-ka-pojen-troplinet-e-bajret\/","title":{"rendered":"Berisha: Diktatori sot nuk ka sigurim, por ka Poj\u00ebn, Troplin\u00ebt e Bajr\u00ebt\u2026"},"content":{"rendered":"<p>Kryetari i Partis\u00eb Demokratike, Sali Berisha duke folur n\u00eb prezantimin e programit t\u00eb t\u00eb p\u00ebrndjekurve politik\u00eb, \u00ebsht\u00eb shprehur se, Rama \u00ebsht\u00eb narkodiktatori i ri.<\/p>\n<p>Berisha tha se, Rama tani nuk ka sigurim t\u00eb shtetit, por ka bandat, si Bajrat n\u00eb Shkod\u00ebr, Poj\u00ebn e Xhevdet Troplinin n\u00eb Durr\u00ebsi e t\u00eb tjera banda n\u00eb qytete t\u00eb tjera.<\/p>\n<p>\u201cT\u00eb dashur miq, sot ne diskutojm\u00eb programin e PD p\u00ebr trajtimin n\u00eb t\u00ebr\u00ebsi t\u00eb problemeve serioze, shum\u00eb t\u00eb r\u00ebnd\u00ebsishme t\u00eb shtres\u00ebs s\u00eb t\u00eb P\u00ebrndjekurve Politik\u00eb. Por ne e diskutojm\u00eb k\u00ebt\u00eb program n\u00eb nj\u00eb koh\u00eb kur, shoq\u00ebria shqiptare, Shqip\u00ebria p\u00ebrjeton diktatur\u00ebn e dyt\u00eb.<\/p>\n<p>P\u00ebrjeton nj\u00eb diktatur\u00eb n\u00eb t\u00eb cil\u00ebn nj\u00eb pasardh\u00ebs direkt i nj\u00eb xhelati t\u00eb diktatur\u00ebs komuniste p\u00ebrdor ndaj kund\u00ebrshtar\u00ebve politik dhe opozit\u00ebs mjetet m\u00eb t\u00eb egra q\u00eb mund t\u00eb p\u00ebrdor\u00eb p\u00ebr k\u00ebt\u00eb koh\u00eb. Ne jemi sot n\u00ebn nj\u00eb regjim n\u00eb t\u00eb cilin narkodiktatori nj\u00eblloj si diktatori i viteve \u201950 ka n\u00eb duart e tij \u00e7do pushtet n\u00eb k\u00ebt\u00eb vend. Ka n\u00eb dor\u00eb t\u00eb tij t\u00eb gjith\u00eb vendimmarrjen, konsideron pasurit\u00eb e k\u00ebtij vendi si pasuri t\u00eb vetat dhe t\u00eb klaneve t\u00eb tij kriminale.<\/p>\n<p>Diktatori sot, nuk ka nj\u00eb Sigurim Shteti, si\u00e7 kishte diktatori i dikursh\u00ebm. Por ka instrumente terrori t\u00eb nj\u00ebjta me ato q\u00eb kishte diktatori i dikursh\u00ebm. Nuk ushtrojn\u00eb m\u00eb pak terror Bajr\u00ebt kur shpalosin autokolonat e tyre n\u00eb Shkod\u00ebr, se sa xhipat e Sigurimit t\u00eb Shtetit.<\/p>\n<p>Nuk ushtrojn\u00eb m\u00eb pak terror n\u00eb Durr\u00ebs, Xhevdet Troplini, apo i famshmi Poja, se sa dikur dega e Pun\u00ebve t\u00eb Brendshme. Por kishte nj\u00eb dallim ama. Dallimi n\u00eb at\u00eb koh\u00eb ishte se kishte nj\u00eb ligj, q\u00eb ata, ligji i keq, ligji i shkruar, mbi baz\u00ebn e cilit vepronin. Sot nuk ka asnj\u00eb ligj.<\/p>\n<p>Ligjet jan\u00eb krejt tjera. Ligjet jan\u00eb n\u00eb rregull. Jan\u00eb ligje t\u00eb nj\u00eb vendi demokratik, por ligjet shkelmohen. Ligjet nuk respektohen. Ligji, \u00ebsht\u00eb n\u00eb kuptimin absolut vullneti i padrinos. Dhe, n\u00eb qoft\u00eb se diktatori me genocidin e tij se, regjimi komunist ka kryer genocid n\u00eb Shqip\u00ebri.<\/p>\n<p>Regjimi komunist n\u00eb Shqip\u00ebri n\u00eb aspektin e dhun\u00ebs dhe represionit, me t\u00eb drejt\u00eb \u00ebsht\u00eb krahasuar me regjimin nazist n\u00eb kulmin e luft\u00ebs. Po! E thot\u00eb Karls Xhasper q\u00eb, n\u00eb Gjermani p\u00ebr t\u00eb qen\u00eb opozitar duhet t\u00eb hapje me duart e tua varrin, por ama e thot\u00eb gjat\u00eb lut\u00ebs.<\/p>\n<p>N\u00eb Shqip\u00ebri, gjat\u00eb paqes po t\u2019i b\u00ebje kund\u00ebrshti regjimit duhet t\u00eb hapje ose varrin, ose dyert e burgut dhe t\u00eb kampit.<\/p>\n<p>Kjo \u00ebsht\u00eb e v\u00ebrteta.<\/p>\n<p>Megjithat\u00eb, i gjith\u00eb ky gjenocid, kjo dhun\u00eb preku rreth 20% t\u00eb popullat\u00ebs. Kurse, ky gjenocidi i padrinos, i narkotrafikantit, ky n\u00eb 10 vjet ka largua 45%. Spastrim etnik \u00ebsht\u00eb ky. Gjenocid \u00ebsht\u00eb. Pse iknin q\u00eb t\u00eb gjith\u00eb? Sepse nuk mund t\u00eb jetojn\u00eb. Ikin q\u00eb t\u00eb gjith\u00eb nga varf\u00ebria dhe mjerimi.<\/p>\n<p>N\u00eb pamje t\u00eb par\u00eb, ka liri. Po \u00e7far\u00eb lirie? Liri p\u00ebr t\u00eb ikur. Liri p\u00ebr t\u2019u larguar nga ky vend\u201d, u shpreh Berisha.<\/p>\n","protected":false},"excerpt":{"rendered":"<p>Kryetari i Partis\u00eb Demokratike, Sali Berisha duke folur n\u00eb prezantimin e programit t\u00eb t\u00eb p\u00ebrndjekurve politik\u00eb, \u00ebsht\u00eb shprehur se, Rama \u00ebsht\u00eb narkodiktatori i ri. Berisha tha se, Rama tani nuk ka sigurim t\u00eb shtetit, por ka bandat, si Bajrat n\u00eb Shkod\u00ebr, Poj\u00ebn e Xhevdet Troplinin n\u00eb Durr\u00ebsi e t\u00eb tjera banda n\u00eb qytete t\u00eb tjera. &hellip;<\/p>\n","protected":false},"author":4,"featured_media":105883,"comment_status":"closed","ping_status":"closed","sticky":false,"template":"","format":"standard","meta":{"footnotes":""},"categories":[37],"tags":[],"class_list":["post-105882","post","type-post","status-publish","format-standard","has-post-thumbnail","","category-politike"],"_links":{"self":[{"href":"https:\/\/rdnews.al\/index.php\/wp-json\/wp\/v2\/posts\/105882","targetHints":{"allow":["GET"]}}],"collection":[{"href":"https:\/\/rdnews.al\/index.php\/wp-json\/wp\/v2\/posts"}],"about":[{"href":"https:\/\/rdnews.al\/index.php\/wp-json\/wp\/v2\/types\/post"}],"author":[{"embeddable":true,"href":"https:\/\/rdnews.al\/index.php\/wp-json\/wp\/v2\/users\/4"}],"replies":[{"embeddable":true,"href":"https:\/\/rdnews.al\/index.php\/wp-json\/wp\/v2\/comments?post=105882"}],"version-history":[{"count":1,"href":"https:\/\/rdnews.al\/index.php\/wp-json\/wp\/v2\/posts\/105882\/revisions"}],"predecessor-version":[{"id":105884,"href":"https:\/\/rdnews.al\/index.php\/wp-json\/wp\/v2\/posts\/105882\/revisions\/105884"}],"wp:featuredmedia":[{"embeddable":true,"href":"https:\/\/rdnews.al\/index.php\/wp-json\/wp\/v2\/media\/105883"}],"wp:attachment":[{"href":"https:\/\/rdnews.al\/index.php\/wp-json\/wp\/v2\/media?parent=105882"}],"wp:term":[{"taxonomy":"category","embeddable":true,"href":"https:\/\/rdnews.al\/index.php\/wp-json\/wp\/v2\/categories?post=105882"},{"taxonomy":"post_tag","embeddable":true,"href":"https:\/\/rdnews.al\/index.php\/wp-json\/wp\/v2\/tags?post=105882"}],"curies":[{"name":"wp","href":"https:\/\/api.w.org\/{rel}","templated":true}]}}