{"id":105895,"date":"2025-02-26T18:29:48","date_gmt":"2025-02-26T18:29:48","guid":{"rendered":"https:\/\/rdnews.al\/?p=105895"},"modified":"2025-02-26T18:30:08","modified_gmt":"2025-02-26T18:30:08","slug":"berisha-pd-do-permbushe-te-gjitha-detyrimet-qe-rrjedhin-nga-programi-per-te-perndjekurit-politike","status":"publish","type":"post","link":"https:\/\/rdnews.al\/index.php\/2025\/02\/26\/berisha-pd-do-permbushe-te-gjitha-detyrimet-qe-rrjedhin-nga-programi-per-te-perndjekurit-politike\/","title":{"rendered":"Berisha: PD do t\u00eb p\u00ebrmbush\u00eb t\u00eb gjitha detyrimet q\u00eb rrjedhin nga programi p\u00ebr t\u00eb P\u00ebrndjekurit Politik\u00eb!"},"content":{"rendered":"<p>Kryetari i PD, Sali Berisha, u zotua gjat\u00eb takimit me t\u00eb p\u00ebrndjekurit politik ku prezantoi programin e p\u00ebr mandatin 2025-2029, se PD do t\u00eb p\u00ebrmbush\u00eb t\u00eb gjitha detyrimet.<\/p>\n<p>Berisha tha se, Partia Demokratike do p\u00ebrmbush\u00eb t\u00eb gjitha detyrimet q\u00eb rrjedhin nga programi p\u00ebr t\u00eb P\u00ebrndjekurit Politik\u00eb.<\/p>\n<p><strong>Berisha:\u00a0<\/strong>Ne, jemi n\u00eb nj\u00eb fushat\u00eb elektorale dhe ju garantoj q\u00eb ky program do t\u00eb jet\u00eb kontrata e PD-s\u00eb me shtres\u00ebn tuaj. Do t\u00eb jet\u00eb kontrata, e cila do t\u00eb zbatohet 100% brenda nj\u00eb mandati. Do zbatohet brenda nj\u00eb mandati, s\u00eb pari \u00ebsht\u00eb nj\u00eb detyrim madhor, \u00ebsht\u00eb nj\u00eb borxh i shoq\u00ebris\u00eb shqiptare dhe i Shqip\u00ebris\u00eb ndaj jush.<\/p>\n<p>N\u00eb \u00e7do aspekt, e kam shprehur shum\u00eb her\u00eb, vet\u00ebm n\u00eb rrafshin material po t\u00eb marr\u00ebsh, qytete t\u00eb t\u00ebra jan\u00eb nd\u00ebrtuar me mundin, djers\u00ebn e t\u00eb p\u00ebrndjekurve politik\u00eb q\u00eb kan\u00eb shkri jet\u00ebn.<\/p>\n<p>Sot, jan\u00eb zhdukur, nuk jan\u00eb m\u00eb. Por kan\u00eb qen\u00eb qindr ae qindra fabrika e kombinate t\u00eb nd\u00ebrtuara prej tyre, hidrocentrale. Pra, ta amrrim n\u00eb rr\u00ebafshin e detyrimin konkret. Kjo, k\u00ebto q\u00eb parashikohen apo do b\u00ebhen. Jo, k\u00ebto shprehin vet\u00ebmnj\u00eb pjes\u00eb t\u00eb tyre, se \u00ebsht\u00eb shum\u00eb m\u00eb i madh.<\/p>\n<p>Ju keni shtruar k\u00ebtu me shum\u00eb t\u00eb drejt\u00eb problemin e k\u00ebsaj shoq\u00ebrie. Ky \u00ebsht\u00eb nj\u00eb problem jetik dhe vendimtar p\u00ebr ne. Pse erdhi diktatura p\u00ebr s\u00eb dyti tek ne? Pik\u00ebrisht, p\u00ebr k\u00ebt\u00eb arsye. Sepse, diktatura totalitare ishte m\u00eb e ngulitura, ishte m\u00eb me rr\u00ebnj\u00eb, ishte m\u00eb e egra n\u00eb k\u00ebt\u00eb popull dhe \u00e7lirimi prej saj nuk u arrit n\u00eb shkall\u00ebn q\u00eb duhej. Nuk u b\u00eb dekomunisticizmi q\u00eb Shqip\u00ebria e kishte m\u00eb t\u00eb domosdoshme se \u00e7do vend tjet\u00ebr.<\/p>\n<p>Edhe her\u00eb tjera un\u00eb kam shprehur pik\u00ebpamjet e mia, por ju them dhe k\u00ebtu. N\u00eb qoft\u00eb se kund\u00ebr nazizmit, e kam menduar shum\u00eb her\u00eb, u b\u00eb nj\u00eb proces nd\u00ebrkomb\u00ebtar, u b\u00eb Nurembergu. P\u00ebrve\u00e7 Nurembergut, ka patur nj\u00eb proces tjet\u00ebr mbar\u00ebpopullor, dhe ky procesi tjet\u00ebr mbar\u00ebpopullor u zhvillua me nj\u00eb moto: kurr\u00eb p\u00ebrs\u00ebri! Dhe ajo i ndihmoi shum\u00eb gjerman\u00ebt, e ndihmoi shum\u00eb kombin gjerman. Ajo b\u00ebri q\u00eb gjerman\u00ebt t\u00eb ken\u00eb ligjet e t\u00eb drejtave t\u00eb njeriut nd\u00ebr m\u00eb t\u00eb mirat t\u00eb koh\u00ebrave. Ajo b\u00ebri q\u00eb Gjermania t\u00eb zhvillohej, t\u00eb nd\u00ebrtonte nj\u00eb sistem gjyq\u00ebsor nd\u00ebr m\u00eb t\u00eb mir\u00ebt. B\u00ebri q\u00eb Gjermania t\u00eb prij\u00eb, t\u00eb udh\u00ebheq\u00eb pas asaj lufte doktrin\u00ebn e s\u00eb drejt\u00ebs europiane.<\/p>\n<p>Kjo natyrisht, ishte e domosdoshme p\u00ebr Shqip\u00ebrin\u00eb. Por, kur erdhi puna te komunizmi, k\u00ebta q\u00eb luajt\u00ebn, k\u00ebta q\u00eb po p\u00ebrpiqeshin ta ngrenin n\u00eb sistem n\u00eb SHBA-t\u00eb ektremin e majt\u00eb, k\u00ebta nuk e lejuan q\u00eb t\u00eb b\u00ebhet procesi i Nurembergut p\u00ebr diktator\u00ebt komunist\u00eb. Jo, nuk e lejuan, ua them un\u00eb ju.<\/p>\n<p>Se historia duhet t\u00eb thuhet si\u00e7 \u00ebsht\u00eb. Ligjet e dekomunisticizmit i p\u00ebrcaktuan afate. Un\u00eb mora nj\u00eb \u00e7ek, ai kishte afatin 10 vjet, ia kishte caktuar Strasburgu. 10 vjet ia vum\u00eb dhe ne afatin.<\/p>\n<p>Pra, p\u00ebr fat t\u00eb keq u p\u00ebrdor\u00ebn dy standarte n\u00eb nj\u00eb koh\u00eb kur k\u00ebto dy diktatura ishin motra siameze nj\u00ebra me tjetr\u00ebn. Prandaj un\u00eb e vler\u00ebsoj shum\u00eb p\u00ebrkushtimin tuaj p\u00ebr nj\u00eb paket\u00eb q\u00eb \u00ebsht\u00eb po kaq e r\u00ebnd\u00ebsishme sa ajo e d\u00ebmshp\u00ebrblimit p\u00ebr t\u00eb sotmen dhe t\u00eb ardhmen e shoq\u00ebris\u00eb shqiptare.<\/p>\n<p>E that\u00eb ju, ky ka rikthyer firmat q\u00eb glorifikojn\u00eb t\u00eb keqen, librat q\u00eb glorifikojn\u00eb t\u00eb keqen, diktatur\u00ebn.<\/p>\n<p>Fatbardha Sara\u00e7i shkruan se, me nipin e saj t\u00eb vog\u00ebl ajo ishte e rritur, sigurisht, por nipi sa her\u00eb d\u00ebgjonte n\u00eb radio komedin\u00eb e Qazim Mulletit, nipi terrorizohej. Dhe ai ishte persekutim. Ai ishte nj\u00eb vep\u00ebr persekutimi. Persekutoje nj\u00eb familje t\u00eb t\u00ebr\u00eb, nj\u00eb fis t\u00eb t\u00ebr\u00eb, dhe ky ishte nj\u00eb aspekt. Por e gjitha n\u00eb t\u00ebr\u00ebsin\u00eb ee vet. Arti, let\u00ebrsia u vun\u00eb n\u00eb sh\u00ebrbim t\u00eb glorifikimit t\u00eb s\u00eb keqes, glorifikimit t\u00eb diktatur\u00ebs.<\/p>\n<p>\u00cbsht\u00eb b\u00ebr\u00eb shum\u00eb nga ju. Shum\u00eb prej jush, keni dh\u00ebn\u00eb nj\u00eb kontribut t\u00eb madh n\u00eb kujtimet tuaja, n\u00eb p\u00ebrshkrimet tuaja. Prej jush, letrar\u00eb, poet\u00eb, nd\u00ebr m\u00eb t\u00eb talentuarit ran\u00eb p\u00ebr t\u2019u b\u00ebr\u00eb t\u00eb pavdeksh\u00ebm, por duke l\u00ebn\u00eb nj\u00eb trash\u00ebgimi t\u00eb pavdekshme, kryevepra t\u00eb v\u00ebrteta t\u00eb letrave shqipe.<\/p>\n<p>Po ku jan\u00eb k\u00ebto? N\u00eb vend se t\u00eb jen\u00eb n\u00eb piedestalin q\u00eb meritojn\u00eb, k\u00ebto jan\u00eb t\u00eb skajuara, k\u00ebto jan\u00eb t\u00eb pluhrosura. Ndaj edhe, ju siguroj se, jo vet\u00ebm p\u00ebr indetitetin tuaj, por identitetin e \u00e7do qytetari t\u00eb lir\u00eb do b\u00ebjm\u00eb gjith\u00e7ka p\u00ebr nj\u00eb ridimensionim t\u00eb plot\u00eb n\u00eb rrafshin shoq\u00ebror, artistik, letrar, parimor e t\u00eb gjith\u00ebansh\u00ebm ndaj diktatur\u00ebs totalitare q\u00eb p\u00ebrjetuam..<\/p>\n<p>\u00cbsht\u00eb e domosdoshme, si nj\u00eb kusht p\u00ebr t\u00eb qen\u00eb nj\u00eb komb krenar q\u00eb ec\u00ebn n\u00eb rrug\u00ebn e liris\u00eb.<\/p>\n<p>Un\u00eb e ndoqa me shum\u00eb interes programin, dhe jam i informuar. Nuk mbetet asgj\u00eb tjet\u00ebr, t\u00eb zotohem para jush se PD do t\u00eb p\u00ebrmbush\u00eb t\u00eb gjitha detyrimet q\u00eb rrjedhin prej tij. Ju fal\u00ebnderoj shum\u00eb!<\/p>\n","protected":false},"excerpt":{"rendered":"<p>Kryetari i PD, Sali Berisha, u zotua gjat\u00eb takimit me t\u00eb p\u00ebrndjekurit politik ku prezantoi programin e p\u00ebr mandatin 2025-2029, se PD do t\u00eb p\u00ebrmbush\u00eb t\u00eb gjitha detyrimet. Berisha tha se, Partia Demokratike do p\u00ebrmbush\u00eb t\u00eb gjitha detyrimet q\u00eb rrjedhin nga programi p\u00ebr t\u00eb P\u00ebrndjekurit Politik\u00eb. Berisha:\u00a0Ne, jemi n\u00eb nj\u00eb fushat\u00eb elektorale dhe ju garantoj &hellip;<\/p>\n","protected":false},"author":4,"featured_media":105883,"comment_status":"closed","ping_status":"closed","sticky":false,"template":"","format":"standard","meta":{"footnotes":""},"categories":[37],"tags":[],"class_list":["post-105895","post","type-post","status-publish","format-standard","has-post-thumbnail","","category-politike"],"_links":{"self":[{"href":"https:\/\/rdnews.al\/index.php\/wp-json\/wp\/v2\/posts\/105895","targetHints":{"allow":["GET"]}}],"collection":[{"href":"https:\/\/rdnews.al\/index.php\/wp-json\/wp\/v2\/posts"}],"about":[{"href":"https:\/\/rdnews.al\/index.php\/wp-json\/wp\/v2\/types\/post"}],"author":[{"embeddable":true,"href":"https:\/\/rdnews.al\/index.php\/wp-json\/wp\/v2\/users\/4"}],"replies":[{"embeddable":true,"href":"https:\/\/rdnews.al\/index.php\/wp-json\/wp\/v2\/comments?post=105895"}],"version-history":[{"count":2,"href":"https:\/\/rdnews.al\/index.php\/wp-json\/wp\/v2\/posts\/105895\/revisions"}],"predecessor-version":[{"id":105897,"href":"https:\/\/rdnews.al\/index.php\/wp-json\/wp\/v2\/posts\/105895\/revisions\/105897"}],"wp:featuredmedia":[{"embeddable":true,"href":"https:\/\/rdnews.al\/index.php\/wp-json\/wp\/v2\/media\/105883"}],"wp:attachment":[{"href":"https:\/\/rdnews.al\/index.php\/wp-json\/wp\/v2\/media?parent=105895"}],"wp:term":[{"taxonomy":"category","embeddable":true,"href":"https:\/\/rdnews.al\/index.php\/wp-json\/wp\/v2\/categories?post=105895"},{"taxonomy":"post_tag","embeddable":true,"href":"https:\/\/rdnews.al\/index.php\/wp-json\/wp\/v2\/tags?post=105895"}],"curies":[{"name":"wp","href":"https:\/\/api.w.org\/{rel}","templated":true}]}}