{"id":105908,"date":"2025-02-26T18:55:43","date_gmt":"2025-02-26T18:55:43","guid":{"rendered":"https:\/\/rdnews.al\/?p=105908"},"modified":"2025-02-26T18:55:43","modified_gmt":"2025-02-26T18:55:43","slug":"piktori-dhe-lali-eri-mafie-politike-dhe-drejtore-te-shkolles-se-hajduteve","status":"publish","type":"post","link":"https:\/\/rdnews.al\/index.php\/2025\/02\/26\/piktori-dhe-lali-eri-mafie-politike-dhe-drejtore-te-shkolles-se-hajduteve\/","title":{"rendered":"Piktori dhe Lali Eri, mafie politike dhe drejtor\u00eb t\u00eb shkoll\u00ebs s\u00eb hajdut\u00ebve&#8230;"},"content":{"rendered":"<p><strong>Nga<\/strong>\u00a0<strong>Kim MEHMETI<\/strong><\/p>\n<p>K\u00ebto dit\u00eb \u00ebsht\u00eb duke u zhvilluar nj\u00eb betej\u00eb p\u00ebr jet\u00eb a vdekje mes mafias politike dhe drejt\u00ebsis\u00eb s\u00eb Shqip\u00ebris\u00eb. Si nj\u00eb nd\u00ebr drejtuesit e k\u00ebsaj mafie \u2013 \u2018drejtori\u2019 i shkoll\u00ebs s\u00eb hajdut\u00ebve pran\u00eb Bashkis\u00eb s\u00eb Tiran\u00ebs \u2013 Lali Eri \u00ebsht\u00eb duke b\u00ebr\u00eb \u00e7mos q\u00eb t\u2019i mposht\u00eb e t\u2019i v\u00eb n\u00ebn\u00eb kontroll prokuror\u00ebt dhe gjykat\u00ebsit e Shqip\u00ebris\u00eb.<\/p>\n<p>Dhe tani p\u00ebr tani dihet vet\u00ebm nj\u00eb gj\u00eb: n\u00eb k\u00ebt\u00eb betej\u00eb t\u00eb ashp\u00ebr ka p\u00ebrpar\u00ebsi mafia politike, t\u00eb cil\u00ebn e mb\u00ebshtesin artist\u00eb, gazetar\u00eb, media, intelektual\u00eb&#8212;. Pra q\u00eb e mb\u00ebshtesin t\u00eb gjith\u00eb ata q\u00eb tani nuk kan\u00eb si ta fshehin se i ka ushqyer dhe i ushqen mafia m\u00eb e rrezikshme se gjitha t\u00eb tjerat p\u00ebr Shqip\u00ebrin\u00eb.<\/p>\n<p>Dhe nuk ka dyshim se nga kjo betej\u00eb do shihet qart\u00eb n\u00ebse Shqip\u00ebria do mund t\u00eb b\u00ebhet shtet ku ligji do vlej\u00eb p\u00ebr t\u00eb gjith\u00eb, apo do mbetet at\u00eb q\u00eb \u00ebsht\u00eb \u2013 atdhe i krimit. Atdhe ku thuajse t\u00eb gjitha elitat ushqehen nga hajdut\u00ebria dhe ku vet\u00ebm varfanjak\u00ebt e han\u00eb buk\u00ebn e vet.<\/p>\n<p>Sidoqoft\u00eb pra, duhet pritur t\u00eb shihet n\u00ebse Lali Eri do ia arrij t\u2019i shantazhoj\u00eb prokuror\u00ebt dhe gjykat\u00ebsit ashtu si\u00e7 b\u00ebri dikur me gazetar\u00ebt, kur mes\u00eb t\u00eb tjer\u00ebve, edhe me mesazhe ku fyente dhe k\u00ebrc\u00ebnonte gazetaren e njohur Beti Njuma.<\/p>\n<p>Por megjithat\u00eb ka di\u00e7ka q\u00eb mund t\u00eb thuhet q\u00eb tani: kan\u00eb t\u00eb drejt\u00eb mediat dhe gazetar\u00ebt q\u00eb ushqehen nga grazhdi i mafias politike kur thon\u00eb se Piktori e Lali Eri, jo vet\u00ebm q\u00eb nuk jan\u00eb t\u00eb pasur, por jetojn\u00eb n\u00eb varf\u00ebri. Po, ata edhe me miliona euro n\u00eb xhep do ndjehen t\u00eb varf\u00ebr, sepse nuk kan\u00eb asgj\u00eb njer\u00ebzore n\u00eb vetvete.<\/p>\n<p>E nd\u00ebrkoh\u00eb dihet se \u00ebsht\u00eb e kot\u00eb t\u00eb k\u00ebrkosh njeri te politikan\u00ebt hajdut q\u00eb e kan\u00eb d\u00ebbuar turpin nga vetvetja. Si\u00e7 dihet se t\u00eb till\u00ebt sillen ashtu si edhe Lali Eri i cili, n\u00ebse nuk do trembej nga hajduti n\u00eb vetvete, nuk do kishte pse t\u2019i shantazhonte e t\u2019u frikohej prokuror\u00ebve dhe gjykat\u00ebsve.<\/p>\n","protected":false},"excerpt":{"rendered":"<p>Nga\u00a0Kim MEHMETI K\u00ebto dit\u00eb \u00ebsht\u00eb duke u zhvilluar nj\u00eb betej\u00eb p\u00ebr jet\u00eb a vdekje mes mafias politike dhe drejt\u00ebsis\u00eb s\u00eb Shqip\u00ebris\u00eb. Si nj\u00eb nd\u00ebr drejtuesit e k\u00ebsaj mafie \u2013 \u2018drejtori\u2019 i shkoll\u00ebs s\u00eb hajdut\u00ebve pran\u00eb Bashkis\u00eb s\u00eb Tiran\u00ebs \u2013 Lali Eri \u00ebsht\u00eb duke b\u00ebr\u00eb \u00e7mos q\u00eb t\u2019i mposht\u00eb e t\u2019i v\u00eb n\u00ebn\u00eb kontroll prokuror\u00ebt dhe &hellip;<\/p>\n","protected":false},"author":4,"featured_media":31380,"comment_status":"closed","ping_status":"closed","sticky":false,"template":"","format":"standard","meta":{"footnotes":""},"categories":[37],"tags":[],"class_list":["post-105908","post","type-post","status-publish","format-standard","has-post-thumbnail","","category-politike"],"_links":{"self":[{"href":"https:\/\/rdnews.al\/index.php\/wp-json\/wp\/v2\/posts\/105908","targetHints":{"allow":["GET"]}}],"collection":[{"href":"https:\/\/rdnews.al\/index.php\/wp-json\/wp\/v2\/posts"}],"about":[{"href":"https:\/\/rdnews.al\/index.php\/wp-json\/wp\/v2\/types\/post"}],"author":[{"embeddable":true,"href":"https:\/\/rdnews.al\/index.php\/wp-json\/wp\/v2\/users\/4"}],"replies":[{"embeddable":true,"href":"https:\/\/rdnews.al\/index.php\/wp-json\/wp\/v2\/comments?post=105908"}],"version-history":[{"count":1,"href":"https:\/\/rdnews.al\/index.php\/wp-json\/wp\/v2\/posts\/105908\/revisions"}],"predecessor-version":[{"id":105909,"href":"https:\/\/rdnews.al\/index.php\/wp-json\/wp\/v2\/posts\/105908\/revisions\/105909"}],"wp:featuredmedia":[{"embeddable":true,"href":"https:\/\/rdnews.al\/index.php\/wp-json\/wp\/v2\/media\/31380"}],"wp:attachment":[{"href":"https:\/\/rdnews.al\/index.php\/wp-json\/wp\/v2\/media?parent=105908"}],"wp:term":[{"taxonomy":"category","embeddable":true,"href":"https:\/\/rdnews.al\/index.php\/wp-json\/wp\/v2\/categories?post=105908"},{"taxonomy":"post_tag","embeddable":true,"href":"https:\/\/rdnews.al\/index.php\/wp-json\/wp\/v2\/tags?post=105908"}],"curies":[{"name":"wp","href":"https:\/\/api.w.org\/{rel}","templated":true}]}}