{"id":105920,"date":"2025-02-26T20:29:26","date_gmt":"2025-02-26T20:29:26","guid":{"rendered":"https:\/\/rdnews.al\/?p=105920"},"modified":"2025-02-26T20:34:56","modified_gmt":"2025-02-26T20:34:56","slug":"skandali-rama-ndjen-eren-e-burgut-dhe-deklaron-se-nuk-do-pranoje-asnje-vendim-me-paraburgim","status":"publish","type":"post","link":"https:\/\/rdnews.al\/index.php\/2025\/02\/26\/skandali-rama-ndjen-eren-e-burgut-dhe-deklaron-se-nuk-do-pranoje-asnje-vendim-me-paraburgim\/","title":{"rendered":"Skandali\/Rama ndjen er\u00ebn e burgut dhe deklaron se nuk do pranoj\u00eb asnj\u00eb vendim me paraburgim"},"content":{"rendered":"<p>Rama deklaoi sot se ai nuk do t\u00eb pranoj\u00eb asnj\u00eb vendim Gjykate p\u00ebr paraburgim. P\u00ebr t\u00eb par\u00ebn her\u00eb nj\u00eb Kryeminist\u00ebr deklaron se nuk do t\u00eb zbatoj\u00eb vendimet e gjykatave dhe drejt\u00ebsis\u00eb kur b\u00ebhet fjal\u00eb p\u00ebr masa paraburgimi ndaj zyrtar\u00ebve t\u00eb lart\u00eb t\u00eb hetuar p\u00ebr korrupsion.<\/p>\n<p>\u201cZonja e drejt\u00ebsis\u00eb i ka syt\u00eb me gjak\u201d dhe kjo lloj drejt\u00ebsie i ngjan asaj t\u00eb vladimir Vladimirovi\u00e7 Putinit ka th\u00ebn\u00eb kryeministri n\u00eb vazhd\u00ebn e kryq\u00ebzat\u00ebs anti SPAK, n\u00eb fjal\u00ebn e mbajtur n\u00eb mbledhjen e grupit parlamentar t\u00eb PS-s\u00eb. Rama ka shprehur s\u00ebrish sot kritikat e tij p\u00ebr drejt\u00ebsin\u00eb ku tha se SPAK dhe GJKKO nuk e kan\u00eb mb\u00ebshtetjen e tij kur shkelen t\u00eb drejtat e njeriut. Ai tha se hetimet n\u00eb Universitetin e Bujq\u00ebsorit jan\u00eb nisur nga Sh\u00ebrbimi Informativ Komb\u00ebtar dhe Policia e Shtetit dhe m\u00eb pas kan\u00eb kaluar te SPAK. Rama deklaroi se mb\u00ebshtet hetimet, por jo paraburgimet dhe noterizimet q\u00eb firmosen n\u00eb GJKKO, sipas tij me nj\u00eb t\u00eb r\u00ebn\u00eb t\u00eb lapsit\u201d, tha Rama.<\/p>\n<p>Po pse Rama u b\u00eb papritur nj\u00eb k\u00ebrc\u00ebnues ndaj SPAK dhe Gjykat\u00ebs kur deri pak jav\u00eb m\u00eb par\u00eb ishte nj\u00eb mb\u00ebshtet\u00ebs i flakt\u00eb i tyre. E gjitha kjo e ka nj\u00eb arsye t\u00eb vetme, Rama po ndjen er\u00ebn e burgut.<\/p>\n<p><span style=\"font-style: inherit; font-weight: inherit;\">\u00a0<\/span><\/p>\n","protected":false},"excerpt":{"rendered":"<p>Rama deklaoi sot se ai nuk do t\u00eb pranoj\u00eb asnj\u00eb vendim Gjykate p\u00ebr paraburgim. P\u00ebr t\u00eb par\u00ebn her\u00eb nj\u00eb Kryeminist\u00ebr deklaron se nuk do t\u00eb zbatoj\u00eb vendimet e gjykatave dhe drejt\u00ebsis\u00eb kur b\u00ebhet fjal\u00eb p\u00ebr masa paraburgimi ndaj zyrtar\u00ebve t\u00eb lart\u00eb t\u00eb hetuar p\u00ebr korrupsion. \u201cZonja e drejt\u00ebsis\u00eb i ka syt\u00eb me gjak\u201d dhe kjo &hellip;<\/p>\n","protected":false},"author":3,"featured_media":105921,"comment_status":"closed","ping_status":"closed","sticky":false,"template":"","format":"standard","meta":{"footnotes":""},"categories":[37],"tags":[],"class_list":["post-105920","post","type-post","status-publish","format-standard","has-post-thumbnail","","category-politike"],"_links":{"self":[{"href":"https:\/\/rdnews.al\/index.php\/wp-json\/wp\/v2\/posts\/105920","targetHints":{"allow":["GET"]}}],"collection":[{"href":"https:\/\/rdnews.al\/index.php\/wp-json\/wp\/v2\/posts"}],"about":[{"href":"https:\/\/rdnews.al\/index.php\/wp-json\/wp\/v2\/types\/post"}],"author":[{"embeddable":true,"href":"https:\/\/rdnews.al\/index.php\/wp-json\/wp\/v2\/users\/3"}],"replies":[{"embeddable":true,"href":"https:\/\/rdnews.al\/index.php\/wp-json\/wp\/v2\/comments?post=105920"}],"version-history":[{"count":2,"href":"https:\/\/rdnews.al\/index.php\/wp-json\/wp\/v2\/posts\/105920\/revisions"}],"predecessor-version":[{"id":105924,"href":"https:\/\/rdnews.al\/index.php\/wp-json\/wp\/v2\/posts\/105920\/revisions\/105924"}],"wp:featuredmedia":[{"embeddable":true,"href":"https:\/\/rdnews.al\/index.php\/wp-json\/wp\/v2\/media\/105921"}],"wp:attachment":[{"href":"https:\/\/rdnews.al\/index.php\/wp-json\/wp\/v2\/media?parent=105920"}],"wp:term":[{"taxonomy":"category","embeddable":true,"href":"https:\/\/rdnews.al\/index.php\/wp-json\/wp\/v2\/categories?post=105920"},{"taxonomy":"post_tag","embeddable":true,"href":"https:\/\/rdnews.al\/index.php\/wp-json\/wp\/v2\/tags?post=105920"}],"curies":[{"name":"wp","href":"https:\/\/api.w.org\/{rel}","templated":true}]}}