{"id":105930,"date":"2025-02-27T09:28:29","date_gmt":"2025-02-27T09:28:29","guid":{"rendered":"https:\/\/rdnews.al\/?p=105930"},"modified":"2025-02-27T09:28:29","modified_gmt":"2025-02-27T09:28:29","slug":"rama-i-fali-133-mije-m2-toke-ne-dhermi-gaztori-i-portokallise-thirret-ne-spak","status":"publish","type":"post","link":"https:\/\/rdnews.al\/index.php\/2025\/02\/27\/rama-i-fali-133-mije-m2-toke-ne-dhermi-gaztori-i-portokallise-thirret-ne-spak\/","title":{"rendered":"Rama i \u201cfali\u201d 133 mij\u00eb m2 tok\u00eb n\u00eb Dh\u00ebrmi, gaztori i portokallis\u00eb thirret n\u00eb SPAK"},"content":{"rendered":"<p>Aktori i humorit i shpallur dhe investitor strategjik, Gazmend Paja \u00ebsht\u00eb paraqitur m\u00ebngjesin e sot\u00ebm n\u00eb ambientet e Prokuroris\u00eb s\u00eb Posa\u00e7me. Q\u00ebndrimi i tij n\u00eb SPAK nuk ka zgjatur shum\u00eb, nd\u00ebrsa pas daljes ka treguar se i kan\u00eb marr\u00eb telefonin.<\/p>\n<p><strong>Gazetar\u00ebt<\/strong>: Hera e dyt\u00eb n\u00eb SPAK, ishe si aktor apo si investitor strategjik?<\/p>\n<p>Ai iu p\u00ebrgjigj shkurtimisht me nota humori: \u201c<em>Jo, isha me prokurorin n\u00eb kafe, pa dashje mori celularin tim dhe solli t\u00eb tijin dhe mori timin. Nuk e njoh prokurorin<\/em>\u201d.<\/p>\n<p>Nuk dihet ende arsyeja e thirrjes s\u00eb tij n\u00eb SPAK, por sipas raportimeve, Paja ka qen\u00eb i pranish\u00ebm edhe dy dit\u00eb m\u00eb par\u00eb n\u00eb ambientet e Prokuroris\u00eb.<\/p>\n<p>Aktori i humorit \u00ebsht\u00eb shpallur nga Rama investitor strategjik, ku n\u00eb bregdetin e jugut dhe kompania e tij \u201cEcotech Energy Services\u201d s\u00eb bashku me kompanin\u00eb \u201cStartek\u201d kan\u00eb marr\u00eb 133 mij\u00eb m2 tok\u00eb n\u00eb Dh\u00ebrmi.<\/p>\n<p>Berisha e ka cil\u00ebsuar shpalljen e tij si investitor strategjik si nj\u00eb vjedhje e radh\u00ebs e kryeministrit Edi Rama n\u00eb bashk\u00ebpunim me Paj\u00ebn.<\/p>\n","protected":false},"excerpt":{"rendered":"<p>Aktori i humorit i shpallur dhe investitor strategjik, Gazmend Paja \u00ebsht\u00eb paraqitur m\u00ebngjesin e sot\u00ebm n\u00eb ambientet e Prokuroris\u00eb s\u00eb Posa\u00e7me. Q\u00ebndrimi i tij n\u00eb SPAK nuk ka zgjatur shum\u00eb, nd\u00ebrsa pas daljes ka treguar se i kan\u00eb marr\u00eb telefonin. Gazetar\u00ebt: Hera e dyt\u00eb n\u00eb SPAK, ishe si aktor apo si investitor strategjik? Ai iu &hellip;<\/p>\n","protected":false},"author":4,"featured_media":105931,"comment_status":"closed","ping_status":"closed","sticky":false,"template":"","format":"standard","meta":{"footnotes":""},"categories":[37],"tags":[],"class_list":["post-105930","post","type-post","status-publish","format-standard","has-post-thumbnail","","category-politike"],"_links":{"self":[{"href":"https:\/\/rdnews.al\/index.php\/wp-json\/wp\/v2\/posts\/105930","targetHints":{"allow":["GET"]}}],"collection":[{"href":"https:\/\/rdnews.al\/index.php\/wp-json\/wp\/v2\/posts"}],"about":[{"href":"https:\/\/rdnews.al\/index.php\/wp-json\/wp\/v2\/types\/post"}],"author":[{"embeddable":true,"href":"https:\/\/rdnews.al\/index.php\/wp-json\/wp\/v2\/users\/4"}],"replies":[{"embeddable":true,"href":"https:\/\/rdnews.al\/index.php\/wp-json\/wp\/v2\/comments?post=105930"}],"version-history":[{"count":1,"href":"https:\/\/rdnews.al\/index.php\/wp-json\/wp\/v2\/posts\/105930\/revisions"}],"predecessor-version":[{"id":105932,"href":"https:\/\/rdnews.al\/index.php\/wp-json\/wp\/v2\/posts\/105930\/revisions\/105932"}],"wp:featuredmedia":[{"embeddable":true,"href":"https:\/\/rdnews.al\/index.php\/wp-json\/wp\/v2\/media\/105931"}],"wp:attachment":[{"href":"https:\/\/rdnews.al\/index.php\/wp-json\/wp\/v2\/media?parent=105930"}],"wp:term":[{"taxonomy":"category","embeddable":true,"href":"https:\/\/rdnews.al\/index.php\/wp-json\/wp\/v2\/categories?post=105930"},{"taxonomy":"post_tag","embeddable":true,"href":"https:\/\/rdnews.al\/index.php\/wp-json\/wp\/v2\/tags?post=105930"}],"curies":[{"name":"wp","href":"https:\/\/api.w.org\/{rel}","templated":true}]}}