{"id":105935,"date":"2025-02-27T09:46:54","date_gmt":"2025-02-27T09:46:54","guid":{"rendered":"https:\/\/rdnews.al\/?p=105935"},"modified":"2025-02-27T09:46:54","modified_gmt":"2025-02-27T09:46:54","slug":"berisha-po-ju-vjen-fundi-nga-edi-rama-me-11-maj-askush-nuk-u-shpeton-dot","status":"publish","type":"post","link":"https:\/\/rdnews.al\/index.php\/2025\/02\/27\/berisha-po-ju-vjen-fundi-nga-edi-rama-me-11-maj-askush-nuk-u-shpeton-dot\/","title":{"rendered":"Berisha: Po ju vjen fundi nga Edi Rama, m\u00eb 11 maj askush nuk u shp\u00ebton dot!"},"content":{"rendered":"<p>Kryetari i Partis\u00eb Demokratike, Sali Berisha, n\u00eb fjal\u00ebn e tij n\u00eb seanc\u00ebn plenare ka propozuar miratimin e nj\u00eb ligji emergjence komb\u00ebtare p\u00ebr desorosizimit t\u00eb vendit.<\/p>\n<p>Berisha ju drejtua deputet\u00ebve t\u00eb PS se po ju vjen fundi nga Edi Rama, m\u00eb 11 maj askush nuk u shp\u00ebton dot!<\/p>\n<p>Berisha: Po ju vjen fundi nga njeriu q\u00eb nuk guxon t\u00eb shkel\u00eb m\u00eb n\u00eb Kuvend q\u00eb \u00ebsht\u00eb b\u00ebr\u00eb i shkallmuar me nj\u00eb gjuh\u00eb q\u00eb meriton cdo epitet, gjuh\u00eb qenefi. Sa her\u00eb flet vet\u00ebm gj\u00ebra t\u00eb tilla nxjerr. Pse nuk vjen k\u00ebtu? Dy jan\u00eb arsyet madhore, s\u00eb pari ku \u00ebsht\u00eb Sekretari i P\u00ebrgjithsh\u00ebm i Kryeministris\u00eb, Agaci q\u00eb dhuron nga 30 hektar\u00eb? A keni p\u00ebrgjegj\u00ebsi para qytetar\u00ebve kur ai ia mbath e ju thoni \u00ebsht\u00eb n\u00eb spital, \u00ebsht\u00eb n\u00eb intubim.<\/p>\n<p>K\u00ebt\u00eb rrug\u00eb do t\u00eb ndiqni?<\/p>\n<p>Laptopi ka t\u00eb gjitha vjedhjet q\u00eb ka b\u00ebr\u00eb Rama dhe njer\u00ebzit pran\u00eb tij.<\/p>\n<p>Arsyeja e dyt\u00eb \u00ebsht\u00eb dosja McGonigal q\u00eb po shp\u00ebrthen. Damian e di q\u00eb ti k\u00eb th\u00ebn\u00eb q\u00eb t\u00eb ka urdh\u00ebruar Rama, por ligji thot\u00eb urdhrat t\u00eb jasht\u00ebligjsh\u00ebm mos i zbato.<\/p>\n<p>Arsyeja e dyt\u00eb, laptopi i tij \u00ebsht\u00eb n\u00eb prokurori, jeni t\u00eb pashpres\u00eb.<\/p>\n<p>Por un\u00eb u garantoj se do ket\u00eb t\u00eb nj\u00ebjt\u00ebn pesh\u00eb me ligjin q\u00eb do b\u00ebhet p\u00ebr dekomunistizimin.<\/p>\n<p>Pra, m\u00eb mir\u00eb t\u00eb b\u00ebjm\u00eb nj\u00eb ligj tani. Sepse ju e d\u00ebgjuat mbr\u00ebm\u00eb Kongresin e SHBA.<\/p>\n<p>Nuk jan\u00eb m\u00eb tash vet\u00ebm tre organizatat m\u00eb t\u00eb m\u00ebdha n\u00eb bot\u00eb partiake, por \u00ebsht\u00eb institucioni themelor i demokracis\u00eb, ku ju u cituat p\u00ebr akte antidemokratike dhe p\u00ebr pla\u00e7kitje t\u00eb fondeve t\u00eb SHBA.<\/p>\n<p>Prandaj dhe ligjin pranojeni m\u00eb mir\u00eb si e keqja m\u00eb e vog\u00ebl p\u00ebr ju, se ai do b\u00ebhet pas zgjedhjeve, u garantoj se do u dhemb\u00eb shum\u00eb.<\/p>\n<p>M\u00eb mir\u00eb tani se pas zgjedhjeve.<\/p>\n","protected":false},"excerpt":{"rendered":"<p>Kryetari i Partis\u00eb Demokratike, Sali Berisha, n\u00eb fjal\u00ebn e tij n\u00eb seanc\u00ebn plenare ka propozuar miratimin e nj\u00eb ligji emergjence komb\u00ebtare p\u00ebr desorosizimit t\u00eb vendit. Berisha ju drejtua deputet\u00ebve t\u00eb PS se po ju vjen fundi nga Edi Rama, m\u00eb 11 maj askush nuk u shp\u00ebton dot! Berisha: Po ju vjen fundi nga njeriu q\u00eb &hellip;<\/p>\n","protected":false},"author":4,"featured_media":104898,"comment_status":"closed","ping_status":"closed","sticky":false,"template":"","format":"standard","meta":{"footnotes":""},"categories":[37],"tags":[],"class_list":["post-105935","post","type-post","status-publish","format-standard","has-post-thumbnail","","category-politike"],"_links":{"self":[{"href":"https:\/\/rdnews.al\/index.php\/wp-json\/wp\/v2\/posts\/105935","targetHints":{"allow":["GET"]}}],"collection":[{"href":"https:\/\/rdnews.al\/index.php\/wp-json\/wp\/v2\/posts"}],"about":[{"href":"https:\/\/rdnews.al\/index.php\/wp-json\/wp\/v2\/types\/post"}],"author":[{"embeddable":true,"href":"https:\/\/rdnews.al\/index.php\/wp-json\/wp\/v2\/users\/4"}],"replies":[{"embeddable":true,"href":"https:\/\/rdnews.al\/index.php\/wp-json\/wp\/v2\/comments?post=105935"}],"version-history":[{"count":1,"href":"https:\/\/rdnews.al\/index.php\/wp-json\/wp\/v2\/posts\/105935\/revisions"}],"predecessor-version":[{"id":105936,"href":"https:\/\/rdnews.al\/index.php\/wp-json\/wp\/v2\/posts\/105935\/revisions\/105936"}],"wp:featuredmedia":[{"embeddable":true,"href":"https:\/\/rdnews.al\/index.php\/wp-json\/wp\/v2\/media\/104898"}],"wp:attachment":[{"href":"https:\/\/rdnews.al\/index.php\/wp-json\/wp\/v2\/media?parent=105935"}],"wp:term":[{"taxonomy":"category","embeddable":true,"href":"https:\/\/rdnews.al\/index.php\/wp-json\/wp\/v2\/categories?post=105935"},{"taxonomy":"post_tag","embeddable":true,"href":"https:\/\/rdnews.al\/index.php\/wp-json\/wp\/v2\/tags?post=105935"}],"curies":[{"name":"wp","href":"https:\/\/api.w.org\/{rel}","templated":true}]}}