{"id":105947,"date":"2025-02-27T10:13:50","date_gmt":"2025-02-27T10:13:50","guid":{"rendered":"https:\/\/rdnews.al\/?p=105947"},"modified":"2025-02-27T10:13:50","modified_gmt":"2025-02-27T10:13:50","slug":"toyota-yaris-bundra-luan-edhe-me-taon-berisha-lexon-bisedat-e-skyecc-ku-permendet-balla","status":"publish","type":"post","link":"https:\/\/rdnews.al\/index.php\/2025\/02\/27\/toyota-yaris-bundra-luan-edhe-me-taon-berisha-lexon-bisedat-e-skyecc-ku-permendet-balla\/","title":{"rendered":"\u201cToyota Yaris\u201d\/ \u201cBundra luan edhe me Taon\u201d, Berisha lexon bisedat e SkyECC ku p\u00ebrmendet Balla"},"content":{"rendered":"<p>Kryetari i PD, Sali Berisha ka lexuar n\u00eb foltoren e Kuvendit bisedat n\u00eb aplikacionin Sky ECC ku p\u00ebrmendet sipas tij ministri i Shtetit p\u00ebr Marr\u00ebdh\u00ebnien me Parlamentin, Taulant Balla.<\/p>\n<p><strong>Biseda e lexuar nga Berisha<\/strong><\/p>\n<p>Berisha: M.q.s ky sot tha nuk quhem Tao, por Krenar do t\u2019ju lexoj disa rreshta prej tij.<\/p>\n<p>Daupaj: S\u2019do t\u2019i b\u00ebj nder Ball\u00ebs.<\/p>\n<p>Radovan \u00c7ela: K\u00ebto dit\u00eb po m\u00eb pyet. Do t\u00eb jet\u00eb prap Balla? Apo do t\u00eb jesh ti?<\/p>\n<p>Vladi (\u00ebsht\u00eb ai q\u00eb priste 5 mln euro n\u00eb Durr\u00ebs): Ok se flas un\u00eb por t\u00eb na tregoj\u00eb m\u00ebnyr\u00ebn si do ta mbyll\u2026<\/p>\n<p>Radovan \u00c7ela: Nga Tao-Tao dhe thot\u00eb se i ka n\u00eb rregull letrat.<\/p>\n<p>Radovan \u00c7ela: Se bundra luan edhe me Taon.<br \/>\n(Berisha: E kuptoni se sa e r\u00ebnd\u00eb \u00ebsht\u00eb. Se kush \u00ebsht\u00eb ajo, ia dredh edhe Taos).<\/p>\n<p>Bised\u00eb: Jo, e ke gabim<\/p>\n<p>Spiropali: Ju lutem me k\u00ebt\u00eb fjalor\u2026<\/p>\n<p>Sali Berisha: Shkruhet k\u00ebtu\u2026 \u00cbsht\u00eb fjalor me shkrim k\u00ebtu, e ka p\u00ebrdorur vet\u00eb ai.<\/p>\n<p>\u201cThot\u00eb i dola borxhit Taos\u201d.<\/p>\n<p>Sali Berisha: Ja kush ju p\u00ebrfaq\u00ebson\u2026 Ja kush del krenar para jush, si ka mund\u00ebsi q\u00eb jeni k\u00ebshtu?<\/p>\n<p>Lexon tjet\u00ebr mesazh: Dakord tha, do ta pengoj un\u00eb, i dola borxhit\u2026<\/p>\n","protected":false},"excerpt":{"rendered":"<p>Kryetari i PD, Sali Berisha ka lexuar n\u00eb foltoren e Kuvendit bisedat n\u00eb aplikacionin Sky ECC ku p\u00ebrmendet sipas tij ministri i Shtetit p\u00ebr Marr\u00ebdh\u00ebnien me Parlamentin, Taulant Balla. Biseda e lexuar nga Berisha Berisha: M.q.s ky sot tha nuk quhem Tao, por Krenar do t\u2019ju lexoj disa rreshta prej tij. Daupaj: S\u2019do t\u2019i b\u00ebj &hellip;<\/p>\n","protected":false},"author":4,"featured_media":105948,"comment_status":"closed","ping_status":"closed","sticky":false,"template":"","format":"standard","meta":{"footnotes":""},"categories":[37],"tags":[],"class_list":["post-105947","post","type-post","status-publish","format-standard","has-post-thumbnail","","category-politike"],"_links":{"self":[{"href":"https:\/\/rdnews.al\/index.php\/wp-json\/wp\/v2\/posts\/105947","targetHints":{"allow":["GET"]}}],"collection":[{"href":"https:\/\/rdnews.al\/index.php\/wp-json\/wp\/v2\/posts"}],"about":[{"href":"https:\/\/rdnews.al\/index.php\/wp-json\/wp\/v2\/types\/post"}],"author":[{"embeddable":true,"href":"https:\/\/rdnews.al\/index.php\/wp-json\/wp\/v2\/users\/4"}],"replies":[{"embeddable":true,"href":"https:\/\/rdnews.al\/index.php\/wp-json\/wp\/v2\/comments?post=105947"}],"version-history":[{"count":1,"href":"https:\/\/rdnews.al\/index.php\/wp-json\/wp\/v2\/posts\/105947\/revisions"}],"predecessor-version":[{"id":105949,"href":"https:\/\/rdnews.al\/index.php\/wp-json\/wp\/v2\/posts\/105947\/revisions\/105949"}],"wp:featuredmedia":[{"embeddable":true,"href":"https:\/\/rdnews.al\/index.php\/wp-json\/wp\/v2\/media\/105948"}],"wp:attachment":[{"href":"https:\/\/rdnews.al\/index.php\/wp-json\/wp\/v2\/media?parent=105947"}],"wp:term":[{"taxonomy":"category","embeddable":true,"href":"https:\/\/rdnews.al\/index.php\/wp-json\/wp\/v2\/categories?post=105947"},{"taxonomy":"post_tag","embeddable":true,"href":"https:\/\/rdnews.al\/index.php\/wp-json\/wp\/v2\/tags?post=105947"}],"curies":[{"name":"wp","href":"https:\/\/api.w.org\/{rel}","templated":true}]}}