{"id":105974,"date":"2025-02-27T12:53:12","date_gmt":"2025-02-27T12:53:12","guid":{"rendered":"https:\/\/rdnews.al\/?p=105974"},"modified":"2025-02-27T12:53:12","modified_gmt":"2025-02-27T12:53:12","slug":"berisha-ftohet-ne-bruksel-idu-ju-falenderojme-per-betejen-tuaj-ne-mbrojtje-te-lirise","status":"publish","type":"post","link":"https:\/\/rdnews.al\/index.php\/2025\/02\/27\/berisha-ftohet-ne-bruksel-idu-ju-falenderojme-per-betejen-tuaj-ne-mbrojtje-te-lirise\/","title":{"rendered":"Berisha ftohet n\u00eb Bruksel, IDU: Ju falenderojm\u00eb p\u00ebr betej\u00ebn tuaj n\u00eb mbrojtje t\u00eb liris\u00eb!"},"content":{"rendered":"<p>Unioni Internacional Demokratik (IDU), nj\u00eb nga organizatat m\u00eb t\u00eb m\u00ebdha t\u00eb partive t\u00eb qendr\u00ebs s\u00eb djatht\u00eb dhe qendr\u00ebs,\u00a0<a href=\"https:\/\/www.syri.net\/politike\/745115\/rezoluta-e-trete-idu-ne-washington-te-krijohet-qeveri-teknike-per-zgjedhje-te-lira-gjyqesori-te-jete-i-paanshem\/\" target=\"_blank\" rel=\"noopener\">miratoi para disa muajsh nj\u00eb nga rezolutat m\u00eb t\u00eb forta n\u00eb mb\u00ebshtetje t\u00eb opozit\u00ebs n\u00eb Shqip\u00ebri.<\/a><\/p>\n<p>Organizata e njohur, me qend\u00ebr n\u00eb Mynih, pjes\u00eb e t\u00eb cil\u00ebs jan\u00eb 84 parti politike, d\u00ebnoi ashp\u00ebr narko-shtetin e ngritur nga Edi Rama dhe abuzimet elektorale nga qeverisja e tij.<\/p>\n<p>Nd\u00ebrkoh\u00eb, IDU i ka d\u00ebrguar nj\u00eb ftes\u00eb kreut t\u00eb Partis\u00eb Demokratike n\u00eb Shqip\u00ebri, Sali Berisha, p\u00ebr t\u00eb marr\u00eb pjes\u00eb n\u00eb nj\u00eb forum n\u00eb Bruksel ku do flitet p\u00ebr \u00e7\u00ebshtjet e demokracis\u00eb dhe k\u00ebrc\u00ebnimin nga autoritarizmi.<\/p>\n<p>Ftesa i \u00ebsht\u00eb d\u00ebrguar nga kryetari i IDU, Stehen Harper, ish-kryeminist\u00ebr i Kanadas\u00eb.<\/p>\n<p><em>\u201cPo shkruaj sot, n\u00eb cil\u00ebsin\u00eb time si kryetar i Unionit Internacional Demokratike, aleanc\u00ebs globale t\u00eb partive t\u00eb qendr\u00ebs s\u00eb djatht\u00eb, p\u00ebr t&#8217;ju ftuar t\u00eb merrni pjes\u00eb n\u00eb ngjarjen ton\u00eb t\u00eb ardhshme n\u00eb Bruksel m\u00eb von\u00eb k\u00ebt\u00eb vit.<\/em><\/p>\n<p><em>Ne i jemi mir\u00ebnjoh\u00ebs Partis\u00eb Demokratike t\u00eb Shqip\u00ebris\u00eb, q\u00eb \u00ebsht\u00eb nj\u00eb shtyll\u00eb e familjes son\u00eb globale t\u00eb qendr\u00ebs s\u00eb djatht\u00eb, dhe ju fal\u00ebnderojm\u00eb p\u00ebr q\u00ebndrimin tuaj t\u00eb vendosur n\u00eb betej\u00ebn globale p\u00ebr t\u00eb mbrojtur lirin\u00eb dhe demokracin\u00eb nga k\u00ebrc\u00ebnimi i vazhduesh\u00ebm i autoritarizmit.<\/em><\/p>\n<p><em>K\u00ebt\u00eb maj, nd\u00ebrsa ne presim Forumin ton\u00eb IDU 2025 n\u00eb Bruksel, jemi t\u00eb entuziazmuar q\u00eb mbledhim ligjv\u00ebn\u00ebs konservator\u00eb, drejtues t\u00eb partive dhe lider\u00eb t\u00eb mendimit nga m\u00eb shum\u00eb se 80 partit\u00eb tona an\u00ebtare p\u00ebr t\u00eb krijuar marr\u00ebdh\u00ebnie m\u00eb t\u00eb forta, p\u00ebr t\u00eb ndar\u00eb praktikat m\u00eb t\u00eb mira p\u00ebr fushat\u00eb dhe qeverisje, p\u00ebr t\u00eb nd\u00ebrtuar ura me partit\u00eb n\u00eb demokracit\u00eb n\u00eb zhvillim dhe p\u00ebr t\u00eb trajtuar sfidat e koh\u00ebs son\u00eb globale.<\/em><\/p>\n<p><em>Dr. Berisha, ju ftoj sinqerisht t\u00eb merrni pjes\u00eb n\u00eb Forumin ton\u00eb IDU n\u00eb Bruksel nga data 14 deri m\u00eb 16 maj. E di q\u00eb flas n\u00eb em\u00ebr t\u00eb t\u00eb gjitha partive an\u00ebtare t\u00eb IDU-s\u00eb kur them se prania juaj n\u00eb k\u00ebt\u00eb Forum do t\u00eb kontribuonte jasht\u00ebzakonisht shum\u00eb n\u00eb axhend\u00ebn ton\u00eb dhe misionin ton\u00eb p\u00ebr t\u00eb promovuar \u00a0konservatorizmin, li<\/em><em>rin\u00eb dhe demokracin\u00eb globalisht<\/em><em>\u201d<\/em><em>,<\/em><em>\u00a0<\/em>thuhet n\u00eb letr\u00ebn e Harper.<\/p>\n","protected":false},"excerpt":{"rendered":"<p>Unioni Internacional Demokratik (IDU), nj\u00eb nga organizatat m\u00eb t\u00eb m\u00ebdha t\u00eb partive t\u00eb qendr\u00ebs s\u00eb djatht\u00eb dhe qendr\u00ebs,\u00a0miratoi para disa muajsh nj\u00eb nga rezolutat m\u00eb t\u00eb forta n\u00eb mb\u00ebshtetje t\u00eb opozit\u00ebs n\u00eb Shqip\u00ebri. Organizata e njohur, me qend\u00ebr n\u00eb Mynih, pjes\u00eb e t\u00eb cil\u00ebs jan\u00eb 84 parti politike, d\u00ebnoi ashp\u00ebr narko-shtetin e ngritur nga Edi &hellip;<\/p>\n","protected":false},"author":4,"featured_media":98551,"comment_status":"closed","ping_status":"closed","sticky":false,"template":"","format":"standard","meta":{"footnotes":""},"categories":[37],"tags":[],"class_list":["post-105974","post","type-post","status-publish","format-standard","has-post-thumbnail","","category-politike"],"_links":{"self":[{"href":"https:\/\/rdnews.al\/index.php\/wp-json\/wp\/v2\/posts\/105974","targetHints":{"allow":["GET"]}}],"collection":[{"href":"https:\/\/rdnews.al\/index.php\/wp-json\/wp\/v2\/posts"}],"about":[{"href":"https:\/\/rdnews.al\/index.php\/wp-json\/wp\/v2\/types\/post"}],"author":[{"embeddable":true,"href":"https:\/\/rdnews.al\/index.php\/wp-json\/wp\/v2\/users\/4"}],"replies":[{"embeddable":true,"href":"https:\/\/rdnews.al\/index.php\/wp-json\/wp\/v2\/comments?post=105974"}],"version-history":[{"count":1,"href":"https:\/\/rdnews.al\/index.php\/wp-json\/wp\/v2\/posts\/105974\/revisions"}],"predecessor-version":[{"id":105975,"href":"https:\/\/rdnews.al\/index.php\/wp-json\/wp\/v2\/posts\/105974\/revisions\/105975"}],"wp:featuredmedia":[{"embeddable":true,"href":"https:\/\/rdnews.al\/index.php\/wp-json\/wp\/v2\/media\/98551"}],"wp:attachment":[{"href":"https:\/\/rdnews.al\/index.php\/wp-json\/wp\/v2\/media?parent=105974"}],"wp:term":[{"taxonomy":"category","embeddable":true,"href":"https:\/\/rdnews.al\/index.php\/wp-json\/wp\/v2\/categories?post=105974"},{"taxonomy":"post_tag","embeddable":true,"href":"https:\/\/rdnews.al\/index.php\/wp-json\/wp\/v2\/tags?post=105974"}],"curies":[{"name":"wp","href":"https:\/\/api.w.org\/{rel}","templated":true}]}}