{"id":105991,"date":"2025-02-27T17:34:11","date_gmt":"2025-02-27T17:34:11","guid":{"rendered":"https:\/\/rdnews.al\/?p=105991"},"modified":"2025-02-27T17:34:11","modified_gmt":"2025-02-27T17:34:11","slug":"vrasja-ne-shkoder-20-vjec-ari-u-qellua-vetem-me-nje-plumb","status":"publish","type":"post","link":"https:\/\/rdnews.al\/index.php\/2025\/02\/27\/vrasja-ne-shkoder-20-vjec-ari-u-qellua-vetem-me-nje-plumb\/","title":{"rendered":"Vrasja n\u00eb Shkod\u00ebr, 20 vje\u00e7 ari u q\u00ebllua vet\u00ebm me nj\u00eb plumb"},"content":{"rendered":"<p>Nj\u00eb i ri \u00ebsht\u00eb vrar\u00eb me arm\u00eb zjarri n\u00eb rrethana ende t\u00eb paqarta rreth or\u00ebs 14:50, n\u00eb fshatin \u201cGuci e Re\u201d n\u00eb Shkod\u00ebr.<\/p>\n<p>Burime b\u00ebjn\u00eb me dije se viktima \u00ebsht\u00eb shtetasi\u00a0Pavlin Preka, rreth 20 vje\u00e7, i cili \u00ebsht\u00eb gjetur i vrar\u00eb n\u00eb oborrin e sht\u00ebpis\u00eb s\u00eb tij.<\/p>\n<p>M\u00ebsohet se viktima jetonte i vet\u00ebm n\u00eb banes\u00eb, teksa ka qen\u00eb xhaxhai i tij, ai i cili e ka gjetur pa shenja jete dhe m\u00eb pas ka njoftuar Policin\u00eb.<\/p>\n<p>Burime b\u00ebjn\u00eb me dije se Pavlin Preka ka patur vet\u00ebm nj\u00eb plag\u00eb plumbi n\u00eb pjes\u00ebn e gjoksit, ku dyshohet se \u00ebsht\u00eb q\u00eblluar me arm\u00eb zjarri pistolet\u00eb. Po ashtu, m\u00ebsohet se n\u00eb vendin e ngjarjes \u00ebsht\u00eb gjetur edhe nj\u00eb g\u00ebzhoj\u00eb, e cila \u00ebsht\u00eb sekuestruar nga uniformat blu.<\/p>\n<p>Policia e Shkodr\u00ebs ka shkuar n\u00eb vendin e ngjarjes, teksa b\u00ebn me dije se autorit\/\u00ebt jan\u00eb ende t\u00eb paidentifikuar. Mbeten ende t\u00eb paqarta motivet se pse mund t\u00eb jet\u00eb vrar\u00eb 20-vje\u00e7ari dhe pistat ku po hetojn\u00eb autoritetet.<\/p>\n","protected":false},"excerpt":{"rendered":"<p>Nj\u00eb i ri \u00ebsht\u00eb vrar\u00eb me arm\u00eb zjarri n\u00eb rrethana ende t\u00eb paqarta rreth or\u00ebs 14:50, n\u00eb fshatin \u201cGuci e Re\u201d n\u00eb Shkod\u00ebr. Burime b\u00ebjn\u00eb me dije se viktima \u00ebsht\u00eb shtetasi\u00a0Pavlin Preka, rreth 20 vje\u00e7, i cili \u00ebsht\u00eb gjetur i vrar\u00eb n\u00eb oborrin e sht\u00ebpis\u00eb s\u00eb tij. M\u00ebsohet se viktima jetonte i vet\u00ebm n\u00eb banes\u00eb, &hellip;<\/p>\n","protected":false},"author":4,"featured_media":105992,"comment_status":"closed","ping_status":"closed","sticky":false,"template":"","format":"standard","meta":{"footnotes":""},"categories":[37],"tags":[],"class_list":["post-105991","post","type-post","status-publish","format-standard","has-post-thumbnail","","category-politike"],"_links":{"self":[{"href":"https:\/\/rdnews.al\/index.php\/wp-json\/wp\/v2\/posts\/105991","targetHints":{"allow":["GET"]}}],"collection":[{"href":"https:\/\/rdnews.al\/index.php\/wp-json\/wp\/v2\/posts"}],"about":[{"href":"https:\/\/rdnews.al\/index.php\/wp-json\/wp\/v2\/types\/post"}],"author":[{"embeddable":true,"href":"https:\/\/rdnews.al\/index.php\/wp-json\/wp\/v2\/users\/4"}],"replies":[{"embeddable":true,"href":"https:\/\/rdnews.al\/index.php\/wp-json\/wp\/v2\/comments?post=105991"}],"version-history":[{"count":1,"href":"https:\/\/rdnews.al\/index.php\/wp-json\/wp\/v2\/posts\/105991\/revisions"}],"predecessor-version":[{"id":105993,"href":"https:\/\/rdnews.al\/index.php\/wp-json\/wp\/v2\/posts\/105991\/revisions\/105993"}],"wp:featuredmedia":[{"embeddable":true,"href":"https:\/\/rdnews.al\/index.php\/wp-json\/wp\/v2\/media\/105992"}],"wp:attachment":[{"href":"https:\/\/rdnews.al\/index.php\/wp-json\/wp\/v2\/media?parent=105991"}],"wp:term":[{"taxonomy":"category","embeddable":true,"href":"https:\/\/rdnews.al\/index.php\/wp-json\/wp\/v2\/categories?post=105991"},{"taxonomy":"post_tag","embeddable":true,"href":"https:\/\/rdnews.al\/index.php\/wp-json\/wp\/v2\/tags?post=105991"}],"curies":[{"name":"wp","href":"https:\/\/api.w.org\/{rel}","templated":true}]}}