{"id":105994,"date":"2025-02-27T17:38:04","date_gmt":"2025-02-27T17:38:04","guid":{"rendered":"https:\/\/rdnews.al\/?p=105994"},"modified":"2025-02-27T18:07:08","modified_gmt":"2025-02-27T18:07:08","slug":"mitingu-me-punonjesit-e-bashkise-kas-rrezon-alibine-e-rames","status":"publish","type":"post","link":"https:\/\/rdnews.al\/index.php\/2025\/02\/27\/mitingu-me-punonjesit-e-bashkise-kas-rrezon-alibine-e-rames\/","title":{"rendered":"KQZ e quan t\u00eb paligjsh\u00ebm mitingun me punonj\u00ebsit e bashkis\u00eb, por Rama vazhdon t\u00eb shkel\u00eb ligjin p\u00ebrdit\u00eb"},"content":{"rendered":"<p>Komisioni i K\u00ebrkesave pran\u00eb KQZ ka dh\u00ebn\u00eb vendimin p\u00ebrfundimtar mbi aktivitetin e 20 shkurtit t\u00eb mbajtur n\u00eb sheshin \u2018Sk\u00ebnd\u00ebrbej\u2019 pas nj\u00eb k\u00ebrkese t\u00eb Bashkis\u00eb Tiran\u00eb p\u00ebr t\u00eb mbledhur t\u00eb gjith\u00eb punonj\u00ebsit e k\u00ebtij institucioni n\u00eb prani t\u00eb kryeministrit Edi Rama.<\/p>\n<p>Komisioni Qendror Zgjedhor i ka dh\u00ebn\u00eb t\u00eb drejt\u00eb Q\u00ebndres\u00ebs Qytetare duke rr\u00ebzuar Bashkin\u00eb e Tiran\u00ebs dhe Edi Ram\u00ebn me arsyetimin se grumbullimi i 20 shkurtit, ishte i ndrysh\u00ebm nga ajo \u00e7ka u k\u00ebrkua nga institucionet.<\/p>\n<p>Fillimisht Bashkia Tiran\u00eb kishte paraqitur pran\u00eb KQZ nj\u00eb shkres\u00eb ku k\u00ebrkohej leje p\u00ebr nj\u00eb zhvillimin e nj\u00eb aktiviteti p\u00ebr promovimin e turizmit n\u00eb prezenc\u00eb t\u00eb ambasador\u00ebve. Por, nga ajo q\u00eb u v\u00ebrejt at\u00eb dit\u00eb, tematika q\u00eb u ndoq n\u00eb at\u00eb aktivitet nuk kishte t\u00eb b\u00ebnte me \u00e7\u00ebshtjet e turizmit n\u00eb vend.<\/p>\n<p>Ky organizim u denoncua pran\u00eb KQZ p\u00ebr shkelje nga Q\u00ebndresa Qytetare, nd\u00ebrsa pas nj\u00eb ballafaqimi s\u00eb bashku me p\u00ebrfaq\u00ebsuesen e kryeministris\u00eb dhe an\u00ebtar\u00ebt e Komisionit t\u00eb Ankesave pran\u00eb KQZ, u d\u00ebshmua se b\u00ebhet fjal\u00eb p\u00ebr dy aktivitete t\u00eb ndryshme t\u00eb ndjekura brenda t\u00eb nj\u00ebjt\u00ebs dit\u00eb dhe or\u00eb, nj\u00eb i lajm\u00ebruar nga Bashkia dhe Kryeministria, dhe nj\u00eb tjet\u00ebr i dokumentuar n\u00eb televizion e media q\u00eb nuk kishte t\u00eb b\u00ebnte me turizmin.<\/p>\n<p>Pas k\u00ebsaj seance, KQZ k\u00ebrkoi q\u00eb t\u00eb mbetej n\u00eb fuqi vendimi p\u00ebr miratimin e k\u00ebtij aktiviteti t\u00eb lajm\u00ebruar nga Kryeministria e Bashkia Tiran\u00eb, nd\u00ebrsa Q\u00ebndresa Qytetare k\u00ebrkoi rr\u00ebzim t\u00eb k\u00ebtij aktivitetit.<\/p>\n<p>Pas t\u00ebrheqjes p\u00ebr marrjen e vendimit, Komisioni i Ankesave vendosi rr\u00ebzimin e grumbullimit t\u00eb ndodhur m\u00eb 20 shkurt n\u00eb qend\u00ebr t\u00eb Tiran\u00ebs, i organizuar nga Bashkia Tiran\u00eb dhe Kryeministria.<\/p>\n","protected":false},"excerpt":{"rendered":"<p>Komisioni i K\u00ebrkesave pran\u00eb KQZ ka dh\u00ebn\u00eb vendimin p\u00ebrfundimtar mbi aktivitetin e 20 shkurtit t\u00eb mbajtur n\u00eb sheshin \u2018Sk\u00ebnd\u00ebrbej\u2019 pas nj\u00eb k\u00ebrkese t\u00eb Bashkis\u00eb Tiran\u00eb p\u00ebr t\u00eb mbledhur t\u00eb gjith\u00eb punonj\u00ebsit e k\u00ebtij institucioni n\u00eb prani t\u00eb kryeministrit Edi Rama. Komisioni Qendror Zgjedhor i ka dh\u00ebn\u00eb t\u00eb drejt\u00eb Q\u00ebndres\u00ebs Qytetare duke rr\u00ebzuar Bashkin\u00eb e Tiran\u00ebs &hellip;<\/p>\n","protected":false},"author":4,"featured_media":105995,"comment_status":"closed","ping_status":"closed","sticky":false,"template":"","format":"standard","meta":{"footnotes":""},"categories":[37],"tags":[],"class_list":["post-105994","post","type-post","status-publish","format-standard","has-post-thumbnail","","category-politike"],"_links":{"self":[{"href":"https:\/\/rdnews.al\/index.php\/wp-json\/wp\/v2\/posts\/105994","targetHints":{"allow":["GET"]}}],"collection":[{"href":"https:\/\/rdnews.al\/index.php\/wp-json\/wp\/v2\/posts"}],"about":[{"href":"https:\/\/rdnews.al\/index.php\/wp-json\/wp\/v2\/types\/post"}],"author":[{"embeddable":true,"href":"https:\/\/rdnews.al\/index.php\/wp-json\/wp\/v2\/users\/4"}],"replies":[{"embeddable":true,"href":"https:\/\/rdnews.al\/index.php\/wp-json\/wp\/v2\/comments?post=105994"}],"version-history":[{"count":5,"href":"https:\/\/rdnews.al\/index.php\/wp-json\/wp\/v2\/posts\/105994\/revisions"}],"predecessor-version":[{"id":106002,"href":"https:\/\/rdnews.al\/index.php\/wp-json\/wp\/v2\/posts\/105994\/revisions\/106002"}],"wp:featuredmedia":[{"embeddable":true,"href":"https:\/\/rdnews.al\/index.php\/wp-json\/wp\/v2\/media\/105995"}],"wp:attachment":[{"href":"https:\/\/rdnews.al\/index.php\/wp-json\/wp\/v2\/media?parent=105994"}],"wp:term":[{"taxonomy":"category","embeddable":true,"href":"https:\/\/rdnews.al\/index.php\/wp-json\/wp\/v2\/categories?post=105994"},{"taxonomy":"post_tag","embeddable":true,"href":"https:\/\/rdnews.al\/index.php\/wp-json\/wp\/v2\/tags?post=105994"}],"curies":[{"name":"wp","href":"https:\/\/api.w.org\/{rel}","templated":true}]}}