{"id":105997,"date":"2025-02-27T17:42:12","date_gmt":"2025-02-27T17:42:12","guid":{"rendered":"https:\/\/rdnews.al\/?p=105997"},"modified":"2025-02-27T17:42:12","modified_gmt":"2025-02-27T17:42:12","slug":"veliaj-kurban-i-bosit-jo-i-qerosit","status":"publish","type":"post","link":"https:\/\/rdnews.al\/index.php\/2025\/02\/27\/veliaj-kurban-i-bosit-jo-i-qerosit\/","title":{"rendered":"Veliaj, kurban i bosit jo i \u201cQerosit\u201d"},"content":{"rendered":"<p>Nga<strong style=\"font-style: inherit;\"> Armand SHKULLAKU<\/strong><\/p>\n<p>Esht\u00eb e habitshme se si sjellja publike e Erjon Velis\u00eb pas arrestimit, p\u00ebrb\u00ebn sintez\u00ebn perfekte t\u00eb t\u00eb gjith\u00eb karrier\u00ebs s\u00eb tij politike. E vog\u00ebl dhe e varf\u00ebr, pa bosht dhe pa q\u00ebndrim, e mb\u00ebshtetur n\u00eb cicmice dhe jo n\u00eb argumenta t\u00eb fort\u00eb. E kompleksuar nga hija e padronit dhe nga frika e t\u00eb qenit pa pushtet, mbrojtja q\u00eb Velija po i b\u00ebn vetes duket po aq e mjer\u00eb sa i gjith\u00eb rrug\u00ebtimi i tij n\u00eb politik\u00eb. N\u00eb nj\u00eb aspekt, duke l\u00ebn\u00eb m\u00ebnjan\u00eb se \u00e7far\u00eb ai p\u00ebrfaq\u00ebson, deformimi i q\u00ebnies njer\u00ebzore shkakton keqardhje.<\/p>\n<p>Kryetari n\u00eb detyr\u00eb i Bashkis\u00eb, n\u00eb procesin kund\u00ebr tij, ka tentuar t\u00eb tregoj\u00eb dh\u00ebmb\u00ebt, t\u00eb cilat nuk arrit\u00ebn t\u00eb kafshojn\u00eb kurr\u00eb, por n\u00eb pamund\u00ebsi e pafuqi p\u00ebr t\u2019u marr\u00eb me sistemin e \u201cdrejt\u00ebsis\u00eb s\u00eb re\u201d, ka zgjedhur t\u00eb b\u00ebj\u00eb target nj\u00eb prokuror t\u00eb vet\u00ebm. Q\u00eb k\u00ebtu, beteja e tij b\u00ebhet e meskine, e pavler\u00eb dhe e pav\u00ebrtet\u00eb. Erjon Veliaj, i njohur p\u00ebr dinjitetin e tij, na qenka fyer r\u00ebnd\u00eb nga fjalori i prokurorit Olsi Dado n\u00eb sall\u00ebn e gjyqit dhe ky serviret si argument p\u00ebr nj\u00eb proces t\u00eb padrejt\u00eb. Pastaj zgjedh t\u00eb merret me kafk\u00ebn e prokurorit, pasionin e tij p\u00ebr violin\u00ebn, notat n\u00eb shkoll\u00eb e shok\u00ebt n\u00eb jet\u00eb, duke e v\u00ebn\u00eb veten n\u00eb rolin banal t\u00eb garipit t\u00eb munguar, n\u00eb vend se procesin ndaj tij ta ngrej\u00eb n\u00eb nivelin e p\u00ebrplasjes me padrejt\u00ebsin\u00eb e pretenduar t\u00eb sistemit.<\/p>\n<p>Kjo rrug\u00eb q\u00eb ka zgjedhur apo ia kan\u00eb sugjeruar, \u00ebsht\u00eb mbrojtja m\u00eb e keqe q\u00eb Veliaj mund t\u2019i b\u00ebj\u00eb vetes. Sepse edhe n\u00eb momentet vendimtare t\u00eb karrier\u00ebs por edhe jet\u00ebs personale t\u00eb tij, ai po d\u00ebshmohet i pav\u00ebrtet\u00eb. Veliaj flet p\u00ebr Olsi Dadon por nuk guxon t\u00eb p\u00ebrmend\u00eb Altin Dumanin, p\u00ebrmend prokuror\u00ebt, por jo prokurorin\u00eb. Por a \u00ebsht\u00eb burgosja e tij vullneti i nj\u00eb burri t\u00eb vet\u00ebm? Veliaj b\u00ebhet i pabesuesh\u00ebm edhe kur procesin ndaj tij e krahason me metodat e sigurimit t\u00eb shtetit, nd\u00ebrkoh\u00eb q\u00eb pak koh\u00eb m\u00eb par\u00eb i kishte vler\u00ebsuar maksimalisht \u201ckoleg\u00ebt e SPAK\u201d dhe u kishte premtuar bashk\u00ebpunim t\u00eb plot\u00eb, aq shum\u00eb ishte impresionuar nga profesionalizmi i tyre.<\/p>\n<p>Ish delfini i Ram\u00ebs, nga forca e t\u00eb propaganduarit p\u00ebr vite me radh\u00eb ka humbur aft\u00ebsin\u00eb e t\u00eb qenit real. Ai po sillet p\u00ebrs\u00ebri sikur \u00ebsht\u00eb p\u00ebrpara kamerave dhe sikur versioni q\u00eb do t\u2019i shes\u00eb publikut \u00ebsht\u00eb ai q\u00eb do t\u00eb montohet nga njer\u00ebzit e tij, nd\u00ebrkoh\u00eb q\u00eb n\u00eb jet\u00ebn reale rrezikon vite t\u00eb t\u00ebra d\u00ebnim n\u00ebse akuzat e SPAK mbeten n\u00eb fuqi. Kjo nuk \u00ebsht\u00eb nj\u00eb kronik\u00eb e gatshme televizive. N\u00eb vend t\u00eb p\u00ebrsiatjeve Ols Kafka apo Ols Violina, Veliaj do duhej t\u00eb merrej nj\u00eb p\u00ebr nj\u00eb me akuzat ndaj tij, t\u00eb b\u00ebnte betej\u00eb me procesin dhe jo me procesuesin. T\u00eb p\u00ebrpiqej q\u00eb t\u00eb pakt\u00ebn nj\u00eb her\u00eb n\u00eb jet\u00eb t\u00eb shkonte tek thelbi i problemit dhe jo tek efektet mediatike.<\/p>\n<p><span style=\"font-style: inherit; font-weight: inherit;\">N\u00ebse ia del t\u00eb kuptoj\u00eb se k\u00ebt\u00eb her\u00eb nuk po lufton p\u00ebr vota por p\u00ebr lirin\u00eb e tij, Veliaj do t\u00eb arrij\u00eb t\u00eb shoh\u00eb q\u00eb rrethi ku e ka futur veten nuk ka asnj\u00eb kuptim. Ata q\u00eb shum\u00ebfishojn\u00eb goditjet e tij ndaj nj\u00eb prokurori t\u00eb ve\u00e7ant\u00eb, m\u00eb shum\u00eb se \u00e7montimin e nj\u00eb procesi, qajn\u00eb parat\u00eb e gatshme q\u00eb prisnin t\u2019i shum\u00ebfishonin n\u00eb dit\u00ebt e fushat\u00ebs. Fati i Veliajt si individ nuk p\u00ebrb\u00ebn vler\u00eb p\u00ebr ata q\u00eb e kan\u00eb konsideruar thjesht\u00eb si lop\u00ebn e majmur t\u00eb bashkis\u00eb, q\u00eb e milnin n\u00eb m\u00ebnyr\u00eb periodike.<\/span><\/p>\n<p>Edhe \u201cm\u00ebrzia\u201d e Ram\u00ebs me djemt\u00eb e SPAK, \u00e7far\u00eb ngush\u00ebllimi mund t\u00eb p\u00ebrb\u00ebj\u00eb p\u00ebr Veliajn kur koh\u00eb m\u00eb par\u00eb ai kishte nisur demontimin e tij. I hoqi frer\u00ebt e drejtimit politik t\u00eb Tiran\u00ebs, e goditi n\u00eb mbeldhje asambleje e kryesie, e fshiu nga fotot dhe e eleminoi nga daljet e p\u00ebrbashk\u00ebta n\u00eb publik, i k\u00ebrkoi mos merret me zgjedhjet por me pastrimin e qytetit\u2026 A ishin k\u00ebto shenja t\u00eb qarta t\u00eb fundit t\u00eb pashmangsh\u00ebm t\u00eb pretendentit p\u00ebr fron?<\/p>\n<p>Erjon Velija, q\u00eb gjith\u00eb karrier\u00ebn e tij nuk guxoi kurr\u00eb t\u00eb p\u00ebrballet me t\u00eb v\u00ebrtet\u00ebn, edhe brenda kafazit t\u00eb gjykat\u00ebs k\u00ebto fakte k\u00ebrkon t\u00eb mos i shoh\u00eb dhe fatin e tij t\u2019ia faturoj\u00eb nj\u00eb prokurori t\u00eb vet\u00ebm. Ai nuk flet p\u00ebr zhvler\u00ebsimin e menj\u00ebher\u00ebsh\u00ebm q\u00eb i b\u00ebri kryeministri apo p\u00ebr goditjet q\u00eb mori brenda organizat\u00ebs, si paralajm\u00ebrimi m\u00eb i qart\u00eb p\u00ebr at\u00eb q\u00eb e priste. I eviton k\u00ebto si dikush q\u00eb beson se po nuk i p\u00ebrmendi faktet ato nuk ekzistojn\u00eb. Destini i tij duket ai i nj\u00eb njeriu q\u00eb po shkon drejt fundit vet, si nd\u00ebshkim jo vet\u00ebm p\u00ebr at\u00eb q\u00eb ka b\u00ebr\u00eb por edhe p\u00ebr at\u00eb q\u00eb \u00ebsht\u00eb. Pa mundur asnj\u00ebher\u00eb t\u00eb tregoj\u00eb ato \u201ct\u00eb \u00e7elikut\u201d apo t\u00eb p\u00ebrballet me t\u00eb v\u00ebrtet\u00ebn. Deri tani, ky \u00ebsht\u00eb \u201cvet\u00ebflijimi\u201d m\u00eb i madh por edhe m\u00eb i pavler\u00eb n\u00eb kupol\u00ebn e lart\u00eb t\u00eb Rilindjes. T\u00eb pakt\u00ebn t\u00eb shkonte si kurban i boss-it dhe jo i \u201cQerosit\u201d.\/<a href=\"https:\/\/lapsi.al\/2025\/02\/27\/armand-shkullaku-veliaj-kurban-i-bosit-jo-i-qerosit\/\" target=\"_blank\" rel=\"noopener\">\u00a0Lapsi.al<\/a><\/p>\n","protected":false},"excerpt":{"rendered":"<p>Nga Armand SHKULLAKU Esht\u00eb e habitshme se si sjellja publike e Erjon Velis\u00eb pas arrestimit, p\u00ebrb\u00ebn sintez\u00ebn perfekte t\u00eb t\u00eb gjith\u00eb karrier\u00ebs s\u00eb tij politike. E vog\u00ebl dhe e varf\u00ebr, pa bosht dhe pa q\u00ebndrim, e mb\u00ebshtetur n\u00eb cicmice dhe jo n\u00eb argumenta t\u00eb fort\u00eb. E kompleksuar nga hija e padronit dhe nga frika e &hellip;<\/p>\n","protected":false},"author":4,"featured_media":98245,"comment_status":"closed","ping_status":"closed","sticky":false,"template":"","format":"standard","meta":{"footnotes":""},"categories":[44],"tags":[],"class_list":["post-105997","post","type-post","status-publish","format-standard","has-post-thumbnail","","category-editorial"],"_links":{"self":[{"href":"https:\/\/rdnews.al\/index.php\/wp-json\/wp\/v2\/posts\/105997","targetHints":{"allow":["GET"]}}],"collection":[{"href":"https:\/\/rdnews.al\/index.php\/wp-json\/wp\/v2\/posts"}],"about":[{"href":"https:\/\/rdnews.al\/index.php\/wp-json\/wp\/v2\/types\/post"}],"author":[{"embeddable":true,"href":"https:\/\/rdnews.al\/index.php\/wp-json\/wp\/v2\/users\/4"}],"replies":[{"embeddable":true,"href":"https:\/\/rdnews.al\/index.php\/wp-json\/wp\/v2\/comments?post=105997"}],"version-history":[{"count":1,"href":"https:\/\/rdnews.al\/index.php\/wp-json\/wp\/v2\/posts\/105997\/revisions"}],"predecessor-version":[{"id":105998,"href":"https:\/\/rdnews.al\/index.php\/wp-json\/wp\/v2\/posts\/105997\/revisions\/105998"}],"wp:featuredmedia":[{"embeddable":true,"href":"https:\/\/rdnews.al\/index.php\/wp-json\/wp\/v2\/media\/98245"}],"wp:attachment":[{"href":"https:\/\/rdnews.al\/index.php\/wp-json\/wp\/v2\/media?parent=105997"}],"wp:term":[{"taxonomy":"category","embeddable":true,"href":"https:\/\/rdnews.al\/index.php\/wp-json\/wp\/v2\/categories?post=105997"},{"taxonomy":"post_tag","embeddable":true,"href":"https:\/\/rdnews.al\/index.php\/wp-json\/wp\/v2\/tags?post=105997"}],"curies":[{"name":"wp","href":"https:\/\/api.w.org\/{rel}","templated":true}]}}