{"id":106013,"date":"2025-02-27T22:01:49","date_gmt":"2025-02-27T22:01:49","guid":{"rendered":"https:\/\/rdnews.al\/?p=106013"},"modified":"2025-02-27T22:07:58","modified_gmt":"2025-02-27T22:07:58","slug":"ahmetaj-deklaron-se-do-te-flase-serish-intervista-do-jete-nje-tmerr-me-vete","status":"publish","type":"post","link":"https:\/\/rdnews.al\/index.php\/2025\/02\/27\/ahmetaj-deklaron-se-do-te-flase-serish-intervista-do-jete-nje-tmerr-me-vete\/","title":{"rendered":"Ahmetaj deklaron se do t\u00eb flas\u00eb s\u00ebrish: Intervista do jet\u00eb nj\u00eb tmerr m\u00eb vete"},"content":{"rendered":"<div class=\"xdj266r x11i5rnm xat24cr x1mh8g0r x1vvkbs x126k92a\">\n<div dir=\"auto\">Arben Ahmetaj deklaron se do t\u00eb flas\u00eb s\u00ebrish dhe se intervista e 4 do jet\u00eb tmerr m\u00eb vete. &#8220;Do ju duket vrima e Llogaras\u00eb si vrim\u00eb miu&#8221;, tha Ahmetaj ne nje interviste ne Syri.tv.<\/div>\n<\/div>\n<div dir=\"auto\">\n<p>Ish-z\u00ebvend\u00ebskryeministri Arben Ahmetaj i \u00ebsht\u00eb p\u00ebrgjigjur live n\u00eb nj\u00eb lidhje me telefon n\u00eb \u00c7im Peka Live n\u00eb SYRI TV, akuzave t\u00eb analistit Baton Haxhiu, se ish-numri 2 i qeveris\u00eb \u00ebsht\u00eb pyetur nga SPAK para shkarkimit nga kryeministri Edi Rama.<\/p>\n<p>Ahmetaj i theksoi Haxhiut se nuk duhet t\u00eb g\u00ebnjej\u00eb edhe pse e ka mik Ram\u00ebn, pasi ai nuk \u00ebsht\u00eb pyetur asnj\u00eb her\u00eb nga ndonj\u00eb njeri deri dit\u00ebn e qershorit t\u00eb 2023-shit.<\/p>\n<p>\u2018Mua nuk m\u00eb ka pyetur asnj\u00eb njeri deri dit\u00ebn e qershor i 2023. E dyta gj\u00ebrat ndodh\u00ebn n\u00eb m\u00ebnyr\u00eb simbolike dhe dit\u00ebn q\u00eb ka ikur Ilir Meta, m\u00eb ka shkarkuar dhe i dridhej dora dhe z\u00ebri kreut t\u00eb organizat\u00ebs se donte t\u00eb m\u00eb b\u00ebnte simbolik\u00eb, iku Meta iku dhe ky q\u00eb i ka dh\u00ebn\u00eb dosjen.<\/p>\n<div id=\"rekl-13\">\n<div id=\"__sap-ad-15\" class=\"__sap-ads __sap-html inline tracked\" data-title=\"Credins desktop Brenda lajmit 08\">Kur mori vesh q\u00eb un\u00eb nuk isha i akuzuar qoft\u00eb n\u00eb dosjen e Fierit dhe t\u00eb Elbasanit q\u00eb po shkonim n\u00eb gjykat\u00eb, futi mercenar\u00ebt median Top-Channel me pla\u00e7kit\u00ebsen dhe Erionin&#8230;dhe b\u00ebri at\u00eb q\u00eb b\u00ebri. Jo! I ka b\u00ebr\u00eb t\u00eb gjitha t\u00eb q\u00ebllimshme\u2019, u shpreh Ahmetaj.<\/div>\n<\/div>\n<\/div>\n","protected":false},"excerpt":{"rendered":"<p>Arben Ahmetaj deklaron se do t\u00eb flas\u00eb s\u00ebrish dhe se intervista e 4 do jet\u00eb tmerr m\u00eb vete. &#8220;Do ju duket vrima e Llogaras\u00eb si vrim\u00eb miu&#8221;, tha Ahmetaj ne nje interviste ne Syri.tv. Ish-z\u00ebvend\u00ebskryeministri Arben Ahmetaj i \u00ebsht\u00eb p\u00ebrgjigjur live n\u00eb nj\u00eb lidhje me telefon n\u00eb \u00c7im Peka Live n\u00eb SYRI TV, akuzave t\u00eb &hellip;<\/p>\n","protected":false},"author":3,"featured_media":106014,"comment_status":"closed","ping_status":"closed","sticky":false,"template":"","format":"standard","meta":{"footnotes":""},"categories":[37],"tags":[],"class_list":["post-106013","post","type-post","status-publish","format-standard","has-post-thumbnail","","category-politike"],"_links":{"self":[{"href":"https:\/\/rdnews.al\/index.php\/wp-json\/wp\/v2\/posts\/106013","targetHints":{"allow":["GET"]}}],"collection":[{"href":"https:\/\/rdnews.al\/index.php\/wp-json\/wp\/v2\/posts"}],"about":[{"href":"https:\/\/rdnews.al\/index.php\/wp-json\/wp\/v2\/types\/post"}],"author":[{"embeddable":true,"href":"https:\/\/rdnews.al\/index.php\/wp-json\/wp\/v2\/users\/3"}],"replies":[{"embeddable":true,"href":"https:\/\/rdnews.al\/index.php\/wp-json\/wp\/v2\/comments?post=106013"}],"version-history":[{"count":3,"href":"https:\/\/rdnews.al\/index.php\/wp-json\/wp\/v2\/posts\/106013\/revisions"}],"predecessor-version":[{"id":106017,"href":"https:\/\/rdnews.al\/index.php\/wp-json\/wp\/v2\/posts\/106013\/revisions\/106017"}],"wp:featuredmedia":[{"embeddable":true,"href":"https:\/\/rdnews.al\/index.php\/wp-json\/wp\/v2\/media\/106014"}],"wp:attachment":[{"href":"https:\/\/rdnews.al\/index.php\/wp-json\/wp\/v2\/media?parent=106013"}],"wp:term":[{"taxonomy":"category","embeddable":true,"href":"https:\/\/rdnews.al\/index.php\/wp-json\/wp\/v2\/categories?post=106013"},{"taxonomy":"post_tag","embeddable":true,"href":"https:\/\/rdnews.al\/index.php\/wp-json\/wp\/v2\/tags?post=106013"}],"curies":[{"name":"wp","href":"https:\/\/api.w.org\/{rel}","templated":true}]}}