{"id":106025,"date":"2025-02-28T09:09:40","date_gmt":"2025-02-28T09:09:40","guid":{"rendered":"https:\/\/rdnews.al\/?p=106025"},"modified":"2025-02-28T09:10:01","modified_gmt":"2025-02-28T09:10:01","slug":"kur-edhe-pas-hekurave-mbetet-po-pervers","status":"publish","type":"post","link":"https:\/\/rdnews.al\/index.php\/2025\/02\/28\/kur-edhe-pas-hekurave-mbetet-po-pervers\/","title":{"rendered":"Kur edhe pas hekurave mbetet po pervers&#8230;"},"content":{"rendered":"<p><strong>Nga Adriana KALAJA<\/strong><\/p>\n<p>Veliaj q\u00eb p\u00ebr Ram\u00ebn k\u00ebqp\u00ebrdor dhe f\u00ebmij\u00ebn e tij po l\u00eb prind\u00ebrit e f\u00ebmij\u00ebve t\u00eb Tiran\u00ebs pa sht\u00ebpi p\u00ebr shkak t\u00eb biznesit t\u00eb tij me Ndranghet\u00ebn p\u00ebr pastrimin e parave n\u00eb nd\u00ebrtim!<\/p>\n<p>Erion Veliajt, i cili \u00ebsht\u00eb p\u00ebr t\u2019u m\u00ebshiruar sa koh\u00eb n\u00eb mbrojtjen e tij nga qelia p\u00ebrdor dhe vjehrrin e vdekur dhe f\u00ebmij\u00ebn e mitur, nuk ja vlen ti p\u00ebrgjigjem me t\u00eb nj\u00ebjt\u00ebn gjuh\u00eb me t\u00eb cil\u00ebn m\u00eb sulmoi paturp\u00ebsisht sonte n\u00eb Top Story.<\/p>\n<p>Nuk do bie n\u00eb kurthin e Erion Veliaj se un\u00eb jam juriste dhe e di q\u00eb Erion Veliaj po k\u00ebrkon t\u00eb d\u00ebnohet nga GJKKO p\u00ebr fustanet e Ajol\u00ebs, por e ka t\u00eb kot\u00eb se ai do d\u00ebnohet p\u00ebr pastrim parash, pasi n\u00eb nd\u00ebrtim ka injektuar parat\u00eb e Ndranghet\u00ebs dhe parat\u00eb e incenerator\u00ebve, biznes q\u00eb nisi me vrasjen tragjike t\u00eb Ardit Gjoklajt.<\/p>\n<p>Do d\u00ebnohet p\u00ebr Teatrin Komb\u00ebtar e \u00e7do krim q\u00eb ka b\u00ebr\u00eb n\u00eb Tiran\u00eb.<\/p>\n<p>Si\u00e7 kam q\u00ebn\u00eb n\u00eb 44 protesta para Bashkis\u00eb Tiran\u00eb, do jem \u00e7do dit\u00eb n\u00eb SPAK p\u00ebr t\u00eb dor\u00ebzuar prova p\u00ebr krimet e tij.<\/p>\n<p>10 dosje jan\u00eb gati.<\/p>\n<p>Ai q\u00eb sot po keqp\u00ebrdor f\u00ebmij\u00ebn e tij t\u00eb mitur duke u viktimizuar ka ekspozuar prind\u00ebrit e f\u00ebmij\u00ebve t\u00eb Tiran\u00ebs p\u00ebrball\u00eb zhvatjes nga nd\u00ebrtuesit dhe bankat p\u00ebr t\u00eb bler\u00eb nj\u00eb banes\u00eb n\u00eb Tiran\u00eb.<\/p>\n<p>P\u00ebr t\u00eb bler\u00eb 1 milion\u00eb euro fustane Ajola Xoxa nj\u00eb ri duhet t\u00eb zhytet n\u00eb kredi p\u00ebr t\u00eb bler\u00eb nj\u00eb pron\u00eb, se nd\u00ebrtuesi duhet t\u00eb paguaj\u00eb gjob\u00eb tek Erion Veliaj dhe gjob\u00eb ekstra p\u00ebr dherat.<\/p>\n<p>SPAK e di mir\u00eb se grupet kriminale m\u00eb t\u00eb rrezikshme n\u00eb bot\u00eb po pastrojn\u00eb parat\u00eb n\u00eb nd\u00ebrtimet q\u00eb firmos Veliaj me Ram\u00ebn dhe Veliaj do jet\u00eb viktima e par\u00eb e pastrimit t\u00eb parave n\u00eb nd\u00ebrtim.<\/p>\n<p>Erion Veliaj do d\u00ebnohet p\u00ebr Teatrin Komb\u00ebtar, p\u00ebr 5D, p\u00ebr Eco Tirana p\u00ebr vrasjen e Ardit Gjoklajt dhe p\u00ebr \u00e7do krim q\u00eb i ka kryer Tiran\u00ebs.<\/p>\n<p>M\u00eb lumturon pafund fakti q\u00eb i jam kthyer n\u00eb makth.<\/p>\n<p>A e dini se pse?<\/p>\n<p>Se ai e di q\u00eb un\u00eb betejat i \u00e7oj deri n\u00eb fund, e i fitoj ato.<\/p>\n<p>Nuk \u00ebsht\u00eb faji im q\u00eb kam zgjedhur t\u00eb q\u00ebndroj p\u00ebrball\u00eb mafies dhe krimit q\u00eb ai p\u00ebrfaq\u00ebson.<\/p>\n","protected":false},"excerpt":{"rendered":"<p>Nga Adriana KALAJA Veliaj q\u00eb p\u00ebr Ram\u00ebn k\u00ebqp\u00ebrdor dhe f\u00ebmij\u00ebn e tij po l\u00eb prind\u00ebrit e f\u00ebmij\u00ebve t\u00eb Tiran\u00ebs pa sht\u00ebpi p\u00ebr shkak t\u00eb biznesit t\u00eb tij me Ndranghet\u00ebn p\u00ebr pastrimin e parave n\u00eb nd\u00ebrtim! Erion Veliajt, i cili \u00ebsht\u00eb p\u00ebr t\u2019u m\u00ebshiruar sa koh\u00eb n\u00eb mbrojtjen e tij nga qelia p\u00ebrdor dhe vjehrrin e &hellip;<\/p>\n","protected":false},"author":4,"featured_media":106026,"comment_status":"closed","ping_status":"closed","sticky":false,"template":"","format":"standard","meta":{"footnotes":""},"categories":[37],"tags":[],"class_list":["post-106025","post","type-post","status-publish","format-standard","has-post-thumbnail","","category-politike"],"_links":{"self":[{"href":"https:\/\/rdnews.al\/index.php\/wp-json\/wp\/v2\/posts\/106025","targetHints":{"allow":["GET"]}}],"collection":[{"href":"https:\/\/rdnews.al\/index.php\/wp-json\/wp\/v2\/posts"}],"about":[{"href":"https:\/\/rdnews.al\/index.php\/wp-json\/wp\/v2\/types\/post"}],"author":[{"embeddable":true,"href":"https:\/\/rdnews.al\/index.php\/wp-json\/wp\/v2\/users\/4"}],"replies":[{"embeddable":true,"href":"https:\/\/rdnews.al\/index.php\/wp-json\/wp\/v2\/comments?post=106025"}],"version-history":[{"count":1,"href":"https:\/\/rdnews.al\/index.php\/wp-json\/wp\/v2\/posts\/106025\/revisions"}],"predecessor-version":[{"id":106027,"href":"https:\/\/rdnews.al\/index.php\/wp-json\/wp\/v2\/posts\/106025\/revisions\/106027"}],"wp:featuredmedia":[{"embeddable":true,"href":"https:\/\/rdnews.al\/index.php\/wp-json\/wp\/v2\/media\/106026"}],"wp:attachment":[{"href":"https:\/\/rdnews.al\/index.php\/wp-json\/wp\/v2\/media?parent=106025"}],"wp:term":[{"taxonomy":"category","embeddable":true,"href":"https:\/\/rdnews.al\/index.php\/wp-json\/wp\/v2\/categories?post=106025"},{"taxonomy":"post_tag","embeddable":true,"href":"https:\/\/rdnews.al\/index.php\/wp-json\/wp\/v2\/tags?post=106025"}],"curies":[{"name":"wp","href":"https:\/\/api.w.org\/{rel}","templated":true}]}}