{"id":106032,"date":"2025-02-28T09:28:00","date_gmt":"2025-02-28T09:28:00","guid":{"rendered":"https:\/\/rdnews.al\/?p=106032"},"modified":"2025-02-28T19:58:07","modified_gmt":"2025-02-28T19:58:07","slug":"muaji-i-shenjte-i-ramazanit-kreu-i-kmsh-uron-besimtaret-myslimane","status":"publish","type":"post","link":"https:\/\/rdnews.al\/index.php\/2025\/02\/28\/muaji-i-shenjte-i-ramazanit-kreu-i-kmsh-uron-besimtaret-myslimane\/","title":{"rendered":"Muaji i Ramazanit, kreu i KMSH uron besimtar\u00ebt mysliman\u00eb"},"content":{"rendered":"<p>Kreu i KMSH, Bujar Spahiu ka uruar t\u00eb gjith\u00eb besimtar\u00ebt mysliman\u00eb p\u00ebr muajin e Ramazanit, q\u00eb fillon dit\u00ebn e shtun\u00eb, m\u00eb 1 Mars.<\/p>\n<p>Bujar Spahiu shpreht se muaji i Ramazanit \u00ebsht\u00eb nj\u00eb muaj i bekuar reflektimi, p\u00ebrkushtimi dhe pastrimi shpirt\u00ebror.<\/p>\n<p>Ai shprehet se agj\u00ebrimi nuk \u00ebsht\u00eb vet\u00ebm nj\u00eb sakrific\u00eb fizike, por nj\u00eb proces i thell\u00eb shpirt\u00ebror, q\u00eb synon nd\u00ebrtimin e nj\u00eb personaliteti t\u00eb q\u00ebndruesh\u00ebm, t\u00eb devotsh\u00ebm dhe t\u00eb mbushur me vlera t\u00eb larta morale.<\/p>\n<p><strong>Mesazhi i plot\u00eb<\/strong><\/p>\n<p>Nes\u00ebr, m\u00eb 1 mars, fillon muaji i shenjt\u00eb i Ramazanit, nj\u00eb muaj i bekuar reflektimi, p\u00ebrkushtimi dhe pastrimi shpirt\u00ebror.<\/p>\n<p>Me zemr\u00ebn plot mir\u00ebnjohje ndaj Krijuesit t\u00eb gjith\u00ebsis\u00eb, i Cili na mund\u00ebsoi ta arrijm\u00eb s\u00ebrish k\u00ebt\u00eb muaj t\u00eb shenjt\u00eb, ju p\u00ebrcjell urimet m\u00eb t\u00eb p\u00ebrzem\u00ebrta p\u00ebr nj\u00eb agj\u00ebrim t\u00eb leht\u00eb dhe t\u00eb pranuar, si n\u00eb emrin tim personal, po ashtu edhe n\u00eb em\u00ebr t\u00eb institucionit q\u00eb un\u00eb drejtoj.<\/p>\n<p>Ky muaj na fton t\u00eb ndalemi dhe t\u00eb reflektojm\u00eb mbi mir\u00ebsit\u00eb e panum\u00ebrta q\u00eb Zoti na ka dhuruar. \u00cbsht\u00eb nj\u00eb mund\u00ebsi e art\u00eb p\u00ebr t\u00eb shprehur fal\u00ebnderim ndaj Tij, p\u00ebr t\u00eb kultivuar durimin, p\u00ebr t\u00eb rivitalizuar lidhjen ton\u00eb me Kuranin Fam\u00eblart\u00eb dhe p\u00ebr t\u00eb rrezatuar dashuri ndaj t\u00eb tjer\u00ebve.<\/p>\n<p>Ramazani \u00ebsht\u00eb gjithashtu muaji i solidaritetit dhe i v\u00ebllaz\u00ebris\u00eb. Ai na kujton p\u00ebrgjegj\u00ebsin\u00eb ton\u00eb ndaj atyre q\u00eb kan\u00eb nevoj\u00eb p\u00ebr ndihm\u00ebn ton\u00eb dhe na fton t\u00eb tregojm\u00eb bujari, dhembshuri dhe kujdes p\u00ebr m\u00eb t\u00eb dob\u00ebtit.<\/p>\n<p>N\u00eb k\u00ebt\u00eb muaj t\u00eb shenjt\u00eb, le t\u00eb forcojm\u00eb jo vet\u00ebm lidhjet tona me familjen dhe t\u00eb af\u00ebrmit, por edhe me shoq\u00ebrin\u00eb n\u00eb t\u00ebr\u00ebsi, duke e b\u00ebr\u00eb komunitetin ton\u00eb m\u00eb t\u00eb ndjesh\u00ebm dhe m\u00eb t\u00eb bashkuar.<\/p>\n<p>Allahu (xh.sh.) thot\u00eb n\u00eb Kur\u2019an: \u201cO besimtar\u00eb! Ju \u00ebsht\u00eb urdh\u00ebruar agj\u00ebrimi, ashtu si\u00e7 u ishte urdh\u00ebruar atyre para jush, q\u00eb t\u00eb mund t\u00eb ruheni nga t\u00eb k\u00ebqijat.\u201d<\/p>\n<p>(Sureja El-Bekare, ajeti 183)<\/p>\n<p>Ky mesazh hyjnor na rikujton se agj\u00ebrimi nuk \u00ebsht\u00eb vet\u00ebm nj\u00eb sakrific\u00eb fizike, por nj\u00eb proces i thell\u00eb shpirt\u00ebror, q\u00eb synon nd\u00ebrtimin e nj\u00eb personaliteti t\u00eb q\u00ebndruesh\u00ebm, t\u00eb devotsh\u00ebm dhe t\u00eb mbushur me vlera t\u00eb larta morale.<\/p>\n<p>T\u00eb dashur besimtar\u00eb shqipfol\u00ebs, kudo q\u00eb jetoni e punoni, uroj q\u00eb ky muaj i shenjt\u00eb t\u00eb sjell\u00eb begati, paqe dhe harmoni n\u00eb familjet tona dhe n\u00eb mbar\u00eb shoq\u00ebrin\u00eb.<\/p>\n<p>Lusim Allahun Fuqiplot\u00eb q\u00eb t\u00eb na jap\u00eb forc\u00eb, p\u00ebrkushtim dhe sinqeritet p\u00ebr ta jetuar k\u00ebt\u00eb muaj n\u00eb m\u00ebnyr\u00ebn m\u00eb t\u00eb mir\u00eb t\u00eb mundshme, duke p\u00ebrfituar nga mir\u00ebsit\u00eb dhe begatit\u00eb e tij t\u00eb shumta.<\/p>\n<p>G\u00ebzuar muajin e bekuar t\u00eb Ramazanit!<\/p>\n","protected":false},"excerpt":{"rendered":"<p>Kreu i KMSH, Bujar Spahiu ka uruar t\u00eb gjith\u00eb besimtar\u00ebt mysliman\u00eb p\u00ebr muajin e Ramazanit, q\u00eb fillon dit\u00ebn e shtun\u00eb, m\u00eb 1 Mars. Bujar Spahiu shpreht se muaji i Ramazanit \u00ebsht\u00eb nj\u00eb muaj i bekuar reflektimi, p\u00ebrkushtimi dhe pastrimi shpirt\u00ebror. Ai shprehet se agj\u00ebrimi nuk \u00ebsht\u00eb vet\u00ebm nj\u00eb sakrific\u00eb fizike, por nj\u00eb proces i thell\u00eb &hellip;<\/p>\n","protected":false},"author":4,"featured_media":79611,"comment_status":"closed","ping_status":"closed","sticky":false,"template":"","format":"standard","meta":{"footnotes":""},"categories":[37],"tags":[],"class_list":["post-106032","post","type-post","status-publish","format-standard","has-post-thumbnail","","category-politike"],"_links":{"self":[{"href":"https:\/\/rdnews.al\/index.php\/wp-json\/wp\/v2\/posts\/106032","targetHints":{"allow":["GET"]}}],"collection":[{"href":"https:\/\/rdnews.al\/index.php\/wp-json\/wp\/v2\/posts"}],"about":[{"href":"https:\/\/rdnews.al\/index.php\/wp-json\/wp\/v2\/types\/post"}],"author":[{"embeddable":true,"href":"https:\/\/rdnews.al\/index.php\/wp-json\/wp\/v2\/users\/4"}],"replies":[{"embeddable":true,"href":"https:\/\/rdnews.al\/index.php\/wp-json\/wp\/v2\/comments?post=106032"}],"version-history":[{"count":3,"href":"https:\/\/rdnews.al\/index.php\/wp-json\/wp\/v2\/posts\/106032\/revisions"}],"predecessor-version":[{"id":106131,"href":"https:\/\/rdnews.al\/index.php\/wp-json\/wp\/v2\/posts\/106032\/revisions\/106131"}],"wp:featuredmedia":[{"embeddable":true,"href":"https:\/\/rdnews.al\/index.php\/wp-json\/wp\/v2\/media\/79611"}],"wp:attachment":[{"href":"https:\/\/rdnews.al\/index.php\/wp-json\/wp\/v2\/media?parent=106032"}],"wp:term":[{"taxonomy":"category","embeddable":true,"href":"https:\/\/rdnews.al\/index.php\/wp-json\/wp\/v2\/categories?post=106032"},{"taxonomy":"post_tag","embeddable":true,"href":"https:\/\/rdnews.al\/index.php\/wp-json\/wp\/v2\/tags?post=106032"}],"curies":[{"name":"wp","href":"https:\/\/api.w.org\/{rel}","templated":true}]}}