{"id":106037,"date":"2025-02-28T09:52:30","date_gmt":"2025-02-28T09:52:30","guid":{"rendered":"https:\/\/rdnews.al\/?p=106037"},"modified":"2025-02-28T09:52:55","modified_gmt":"2025-02-28T09:52:55","slug":"bkh-ka-mesyre-ne-kryeministri-pas-arratisje-se-agacit-ka-sekuestruar-materiale-dhe","status":"publish","type":"post","link":"https:\/\/rdnews.al\/index.php\/2025\/02\/28\/bkh-ka-mesyre-ne-kryeministri-pas-arratisje-se-agacit-ka-sekuestruar-materiale-dhe\/","title":{"rendered":"BKH ka m\u00ebsyr\u00eb n\u00eb Kryeministri pas arratisjes s\u00eb Aga\u00e7it, ka sekuestruar materiale dhe&#8230;"},"content":{"rendered":"<p>Juristi i Partis\u00eb Demokratike, Ivi Kaso, thot\u00eb se agjent\u00ebt e Byros\u00eb Komb\u00ebtare t\u00eb Hetimit kan\u00eb kryer kontrolle n\u00eb ambientet e Kryeministris\u00eb jav\u00ebn e kaluar.<\/p>\n<p>I ftuar n\u00eb studion e emisionit Opinion n\u00eb Tv Klan, Kaso u shpreh se BKH ka sekuestruar disa materiale n\u00eb Kryeministri, mes t\u00eb tjerave edhe laptopin e \u00cbngj\u00ebll Aga\u00e7it, tashm\u00eb ish-Sekretar i P\u00ebrgjithsh\u00ebm i Kryeministris\u00eb.<\/p>\n<p>P\u00ebr k\u00ebt\u00eb arsye, sipas Ivi Kasos, z.Aga\u00e7i \u00ebsht\u00eb arratisur.<\/p>\n<p>\u201cInformacioni \u00ebsht\u00eb q\u00eb ish-Sekretari i P\u00ebrgjithsh\u00ebm i Kryeministris\u00eb \u00cbngj\u00ebll Aga\u00e7i nuk dihet ku \u00ebsht\u00eb, me porosi t\u00eb Kryeministrit p\u00ebr t\u2019ju shmangur drejt\u00ebsis\u00eb. \u00cbsht\u00eb informacion i konfirmuar edhe nga gazetar\u00eb, jav\u00ebn e kaluar ka patur m\u00ebsymje t\u00eb oficer\u00ebve t\u00eb BKH deri von\u00eb n\u00eb Kryeministri, jan\u00eb sekuestruar materiale t\u00eb tjera, thuhet edhe laptopi i ish-Sekretarit t\u00eb P\u00ebrgjithsh\u00ebm. Jan\u00eb informacione ende sot t\u00eb pamohuara.<\/p>\n<p>N\u00eb qoft\u00eb se informacionet do ishin pa asnj\u00eb baz\u00eb reale, n\u00ebse nuk do ndodhte as m\u00ebsyumja e BKH n\u00eb or\u00ebt e vona n\u00eb Kryeministri, informacionet kan\u00eb qarkulluar mes gazetar\u00ebve, p\u00ebrsa koh\u00eb jan\u00eb th\u00ebn\u00eb nga burime t\u00eb ndryshme, publikisht, kemi arsye t\u00eb forta p\u00ebr t\u00eb besuar\u201d, u shpreh Ivi Kaso.<\/p>\n","protected":false},"excerpt":{"rendered":"<p>Juristi i Partis\u00eb Demokratike, Ivi Kaso, thot\u00eb se agjent\u00ebt e Byros\u00eb Komb\u00ebtare t\u00eb Hetimit kan\u00eb kryer kontrolle n\u00eb ambientet e Kryeministris\u00eb jav\u00ebn e kaluar. I ftuar n\u00eb studion e emisionit Opinion n\u00eb Tv Klan, Kaso u shpreh se BKH ka sekuestruar disa materiale n\u00eb Kryeministri, mes t\u00eb tjerave edhe laptopin e \u00cbngj\u00ebll Aga\u00e7it, tashm\u00eb ish-Sekretar &hellip;<\/p>\n","protected":false},"author":4,"featured_media":104925,"comment_status":"closed","ping_status":"closed","sticky":false,"template":"","format":"standard","meta":{"footnotes":""},"categories":[37],"tags":[],"class_list":["post-106037","post","type-post","status-publish","format-standard","has-post-thumbnail","","category-politike"],"_links":{"self":[{"href":"https:\/\/rdnews.al\/index.php\/wp-json\/wp\/v2\/posts\/106037","targetHints":{"allow":["GET"]}}],"collection":[{"href":"https:\/\/rdnews.al\/index.php\/wp-json\/wp\/v2\/posts"}],"about":[{"href":"https:\/\/rdnews.al\/index.php\/wp-json\/wp\/v2\/types\/post"}],"author":[{"embeddable":true,"href":"https:\/\/rdnews.al\/index.php\/wp-json\/wp\/v2\/users\/4"}],"replies":[{"embeddable":true,"href":"https:\/\/rdnews.al\/index.php\/wp-json\/wp\/v2\/comments?post=106037"}],"version-history":[{"count":2,"href":"https:\/\/rdnews.al\/index.php\/wp-json\/wp\/v2\/posts\/106037\/revisions"}],"predecessor-version":[{"id":106039,"href":"https:\/\/rdnews.al\/index.php\/wp-json\/wp\/v2\/posts\/106037\/revisions\/106039"}],"wp:featuredmedia":[{"embeddable":true,"href":"https:\/\/rdnews.al\/index.php\/wp-json\/wp\/v2\/media\/104925"}],"wp:attachment":[{"href":"https:\/\/rdnews.al\/index.php\/wp-json\/wp\/v2\/media?parent=106037"}],"wp:term":[{"taxonomy":"category","embeddable":true,"href":"https:\/\/rdnews.al\/index.php\/wp-json\/wp\/v2\/categories?post=106037"},{"taxonomy":"post_tag","embeddable":true,"href":"https:\/\/rdnews.al\/index.php\/wp-json\/wp\/v2\/tags?post=106037"}],"curies":[{"name":"wp","href":"https:\/\/api.w.org\/{rel}","templated":true}]}}