{"id":106040,"date":"2025-02-28T09:57:04","date_gmt":"2025-02-28T09:57:04","guid":{"rendered":"https:\/\/rdnews.al\/?p=106040"},"modified":"2025-02-28T09:57:04","modified_gmt":"2025-02-28T09:57:04","slug":"erion-veliaj-nje-i-paburre-i-perjetshem","status":"publish","type":"post","link":"https:\/\/rdnews.al\/index.php\/2025\/02\/28\/erion-veliaj-nje-i-paburre-i-perjetshem\/","title":{"rendered":"Erion Veliaj, nj\u00eb i paburr\u00eb i p\u00ebrjetsh\u00ebm!"},"content":{"rendered":"<p><strong>Nga Belind K\u00cbLLI\u00c7I<\/strong><\/p>\n<p>Edhe pas hekurave, pronari faktik i Inceneratorit Tiran\u00eb, vijon t\u00eb fyej\u00eb, lin\u00e7oj\u00eb e shpif\u00eb kundrejt secilit q\u00eb ka guxuar t\u2019ia p\u00ebrplas\u00eb n\u00eb fytyr\u00eb t\u00eb v\u00ebrtetat e korrupsionit t\u00eb tij madhor.<\/p>\n<p>Sot Tirana, ashtu si\u00e7 u shpreh vet\u00eb kreu i 5D, ka vet\u00ebm nj\u00eb gjys\u00ebm burr\u00eb e gjys\u00ebm grua!<\/p>\n<p>Kjo krijes\u00eb hermafrodite n\u00eb fakt quhet Erion Veliaj.<\/p>\n<p>Nj\u00eb i paburr\u00eb q\u00eb mbr\u00ebmjen e sotme, n\u00eb nj\u00eb TV komb\u00ebtar, nuk la fyerje e helm pa adresuar ndaj nj\u00eb zonje si Adriana Kalaja.<\/p>\n<p>Sa p\u00ebr zj. Kalaja, ajo \u00ebsht\u00eb nj\u00eb n\u00ebn\u00eb e nj\u00eb zonj\u00eb e nderuar p\u00ebr familjen e saj dhe \u00ebsht\u00eb burr\u00eb e kaluar burrit po deshe, nj\u00eb profesioniste dhe juriste e shk\u00eblqyer, n\u00eb p\u00ebrballjen e saj e \u00e7montimin e aferave t\u00eb tua kriminalo-korruptive, duke nisur nga Inceneratori fantazm\u00eb i Tiran\u00ebs, tek kompania jote 5D, tek shembja e Teatrit Komb\u00ebtar, tek vrasja e Ardit Gjoklajt dhe lidhjet e tua me Ndranghett\u00ebn!<\/p>\n","protected":false},"excerpt":{"rendered":"<p>Nga Belind K\u00cbLLI\u00c7I Edhe pas hekurave, pronari faktik i Inceneratorit Tiran\u00eb, vijon t\u00eb fyej\u00eb, lin\u00e7oj\u00eb e shpif\u00eb kundrejt secilit q\u00eb ka guxuar t\u2019ia p\u00ebrplas\u00eb n\u00eb fytyr\u00eb t\u00eb v\u00ebrtetat e korrupsionit t\u00eb tij madhor. Sot Tirana, ashtu si\u00e7 u shpreh vet\u00eb kreu i 5D, ka vet\u00ebm nj\u00eb gjys\u00ebm burr\u00eb e gjys\u00ebm grua! Kjo krijes\u00eb hermafrodite n\u00eb &hellip;<\/p>\n","protected":false},"author":4,"featured_media":97580,"comment_status":"closed","ping_status":"closed","sticky":false,"template":"","format":"standard","meta":{"footnotes":""},"categories":[44],"tags":[],"class_list":["post-106040","post","type-post","status-publish","format-standard","has-post-thumbnail","","category-editorial"],"_links":{"self":[{"href":"https:\/\/rdnews.al\/index.php\/wp-json\/wp\/v2\/posts\/106040","targetHints":{"allow":["GET"]}}],"collection":[{"href":"https:\/\/rdnews.al\/index.php\/wp-json\/wp\/v2\/posts"}],"about":[{"href":"https:\/\/rdnews.al\/index.php\/wp-json\/wp\/v2\/types\/post"}],"author":[{"embeddable":true,"href":"https:\/\/rdnews.al\/index.php\/wp-json\/wp\/v2\/users\/4"}],"replies":[{"embeddable":true,"href":"https:\/\/rdnews.al\/index.php\/wp-json\/wp\/v2\/comments?post=106040"}],"version-history":[{"count":1,"href":"https:\/\/rdnews.al\/index.php\/wp-json\/wp\/v2\/posts\/106040\/revisions"}],"predecessor-version":[{"id":106041,"href":"https:\/\/rdnews.al\/index.php\/wp-json\/wp\/v2\/posts\/106040\/revisions\/106041"}],"wp:featuredmedia":[{"embeddable":true,"href":"https:\/\/rdnews.al\/index.php\/wp-json\/wp\/v2\/media\/97580"}],"wp:attachment":[{"href":"https:\/\/rdnews.al\/index.php\/wp-json\/wp\/v2\/media?parent=106040"}],"wp:term":[{"taxonomy":"category","embeddable":true,"href":"https:\/\/rdnews.al\/index.php\/wp-json\/wp\/v2\/categories?post=106040"},{"taxonomy":"post_tag","embeddable":true,"href":"https:\/\/rdnews.al\/index.php\/wp-json\/wp\/v2\/tags?post=106040"}],"curies":[{"name":"wp","href":"https:\/\/api.w.org\/{rel}","templated":true}]}}