{"id":106050,"date":"2025-02-28T11:15:14","date_gmt":"2025-02-28T11:15:14","guid":{"rendered":"https:\/\/rdnews.al\/?p=106050"},"modified":"2025-02-28T11:15:14","modified_gmt":"2025-02-28T11:15:14","slug":"adriana-kalaja-ne-x-faktor","status":"publish","type":"post","link":"https:\/\/rdnews.al\/index.php\/2025\/02\/28\/adriana-kalaja-ne-x-faktor\/","title":{"rendered":"Adriana Kalaja n\u00eb \u201cX Faktor\u201d!"},"content":{"rendered":"<p><strong>Nga Agim XHAFKA<\/strong><\/p>\n<p>K\u00ebshtu i quaj un\u00eb Primaret e PD q\u00eb zhvillohen m\u00eb 1 mars. Spektak\u00ebl, fest\u00eb, konkurs, provim. Dhe juri nuk jan\u00eb ve\u00e7 kat\u00ebr vet\u00eb, por masa e madhe e an\u00ebtar\u00ebve t\u00eb k\u00ebsaj force gjigande.<\/p>\n<p>Nga q\u00eb sivjet, k\u00ebt\u00eb 1 mars dmth, zhvillohen s\u00eb pari \u00ebsht\u00eb ogur i mir\u00eb, se pranvera na vjen me hare dhe me p\u00ebzgjedhje t\u00eb atyre q\u00eb nes\u00ebr do jeni deputet\u00ebt tan\u00eb n\u00eb kuvend. Shkojn\u00eb t\u00eb zgjedhur nga ne dhe do na e ken\u00eb frik\u00ebn vet\u00ebm ne, jo kryetarit. Se vota e an\u00ebtarit si\u00e7 ta shkruan emrin, edhe ta fshin emrin dhe mbiemrin.<\/p>\n<p>Shpesh m\u00eb pyesin, ti Gimo p\u00ebr k\u00eb do votosh? N\u00eb fakt doja ta mbaja t\u00eb fsheht\u00eb, por s\u2019mundem. Se p\u00ebr mua Adriana Kalaja b\u00ebn diferenc\u00ebn. Duket si slogan publiciteti, n\u00eb fakt mban brenda plot t\u00eb v\u00ebrteta.<\/p>\n<p>M\u00eb par\u00eb nuk e kisha njohur Adrian\u00ebn. As deri tani kurr\u00eb nuk e kam takuar. Por u b\u00ebn\u00eb mbi tre vite q\u00eb ishte postblloku n\u00eb mbrojtje t\u00eb Teatrit. Pa asnj\u00eb interes. Me dhimbjen q\u00eb po shkat\u00ebrrohej nj\u00eb monument. Ajo si avokate e \u00e7oi n\u00eb gjykata e n\u00ebp\u00ebr kancelari t\u00eb shumta terrorin shtet\u00ebror q\u00eb po kryhej. Q\u00ebndrestare, frym\u00ebzuese, k\u00ebrc\u00ebnuese. Ndaj njer\u00ebzve q\u00eb i ka v\u00ebn\u00eb dhe i mban n\u00eb pushtet mafia. M\u00eb pas n\u00eb ball\u00eb t\u00eb mitingjeve e protestave, n\u00eb padi ndaj bashkis\u00eb, n\u00eb pun\u00ebrat e dit\u00ebs te selia, n\u00eb grumbullimin e fakteve penale q\u00eb i \u00e7onte n\u00eb SPAK \u00e7do dit\u00eb. Nj\u00eb \u201ck\u00ebng\u00ebtare\u201d e demokracis\u00eb q\u00eb n\u00eb \u201cX Faktor\u201d m\u00eb 1 mars shk\u00eblqen me z\u00ebrin e saj, me men\u00e7urin\u00eb dhe kurajon. Tritol e ka shpirtin. Q\u00eb e shp\u00ebrthen t\u00eb keqen dhe hap rrug\u00ebn p\u00ebr m\u00eb t\u00eb mir\u00ebn.<\/p>\n<p>N\u00eb k\u00ebsi p\u00ebrzgjedhjesh q\u00eb jan\u00eb provime t\u00eb progresit m\u00eb vjen nd\u00ebr mend nj\u00eb m\u00ebsuesi im i let\u00ebrsis\u00eb n\u00eb matur\u00eb. Kur do hynim n\u00eb provim te dera e sall\u00ebs afishoi nj\u00eb let\u00ebr me tre emra. Midis tyre isha dhe un\u00eb. Pa na futur n\u00eb provim na kishte v\u00ebn\u00eb dhjet\u00eb. Se \u00e7do dit\u00eb t\u00eb vitit ju e keni pasur provim, na tha.<\/p>\n<p>K\u00ebshtu dhe Adriana. \u00c7do dit\u00eb k\u00ebto vite i ka pasur primare. Dhe i ka fituar t\u00eb gjitha. M\u00eb 1 mars thjesht ajo n\u00ebnshkruan fitoren e pun\u00ebs dhe p\u00ebrkushtimit t\u00eb saj p\u00ebr demokracin\u00eb. K\u00ebt\u00eb ka motiv t\u00eb \u201ck\u00ebng\u00ebs\u201d s\u00eb saj progresiste.<\/p>\n","protected":false},"excerpt":{"rendered":"<p>Nga Agim XHAFKA K\u00ebshtu i quaj un\u00eb Primaret e PD q\u00eb zhvillohen m\u00eb 1 mars. Spektak\u00ebl, fest\u00eb, konkurs, provim. Dhe juri nuk jan\u00eb ve\u00e7 kat\u00ebr vet\u00eb, por masa e madhe e an\u00ebtar\u00ebve t\u00eb k\u00ebsaj force gjigande. Nga q\u00eb sivjet, k\u00ebt\u00eb 1 mars dmth, zhvillohen s\u00eb pari \u00ebsht\u00eb ogur i mir\u00eb, se pranvera na vjen me &hellip;<\/p>\n","protected":false},"author":4,"featured_media":64522,"comment_status":"closed","ping_status":"closed","sticky":false,"template":"","format":"standard","meta":{"footnotes":""},"categories":[44],"tags":[],"class_list":["post-106050","post","type-post","status-publish","format-standard","has-post-thumbnail","","category-editorial"],"_links":{"self":[{"href":"https:\/\/rdnews.al\/index.php\/wp-json\/wp\/v2\/posts\/106050","targetHints":{"allow":["GET"]}}],"collection":[{"href":"https:\/\/rdnews.al\/index.php\/wp-json\/wp\/v2\/posts"}],"about":[{"href":"https:\/\/rdnews.al\/index.php\/wp-json\/wp\/v2\/types\/post"}],"author":[{"embeddable":true,"href":"https:\/\/rdnews.al\/index.php\/wp-json\/wp\/v2\/users\/4"}],"replies":[{"embeddable":true,"href":"https:\/\/rdnews.al\/index.php\/wp-json\/wp\/v2\/comments?post=106050"}],"version-history":[{"count":1,"href":"https:\/\/rdnews.al\/index.php\/wp-json\/wp\/v2\/posts\/106050\/revisions"}],"predecessor-version":[{"id":106051,"href":"https:\/\/rdnews.al\/index.php\/wp-json\/wp\/v2\/posts\/106050\/revisions\/106051"}],"wp:featuredmedia":[{"embeddable":true,"href":"https:\/\/rdnews.al\/index.php\/wp-json\/wp\/v2\/media\/64522"}],"wp:attachment":[{"href":"https:\/\/rdnews.al\/index.php\/wp-json\/wp\/v2\/media?parent=106050"}],"wp:term":[{"taxonomy":"category","embeddable":true,"href":"https:\/\/rdnews.al\/index.php\/wp-json\/wp\/v2\/categories?post=106050"},{"taxonomy":"post_tag","embeddable":true,"href":"https:\/\/rdnews.al\/index.php\/wp-json\/wp\/v2\/tags?post=106050"}],"curies":[{"name":"wp","href":"https:\/\/api.w.org\/{rel}","templated":true}]}}