{"id":106054,"date":"2025-02-28T11:36:17","date_gmt":"2025-02-28T11:36:17","guid":{"rendered":"https:\/\/rdnews.al\/?p=106054"},"modified":"2025-02-28T11:36:17","modified_gmt":"2025-02-28T11:36:17","slug":"berisha-kerkojme-shtyrjen-e-afatit-te-regjistrimit-te-diaspores-dhe-njohjen-e-dokumenteve-te-skaduara-edhe-ne-shqiperi","status":"publish","type":"post","link":"https:\/\/rdnews.al\/index.php\/2025\/02\/28\/berisha-kerkojme-shtyrjen-e-afatit-te-regjistrimit-te-diaspores-dhe-njohjen-e-dokumenteve-te-skaduara-edhe-ne-shqiperi\/","title":{"rendered":"Berisha: K\u00ebrkojm\u00eb shtyrjen e afatit t\u00eb regjistrimit t\u00eb diaspor\u00ebs dhe njohjen e dokumenteve t\u00eb skaduara edhe n\u00eb Shqip\u00ebri"},"content":{"rendered":"<p>Kryetari i Partis\u00eb Demokratike, Sali Berisha k\u00ebrkoi gjat\u00eb nj\u00eb konferenc\u00eb shtypi, shtyrjen e afatit t\u00eb regjistrimit t\u00eb diaspor\u00ebs dhe njohjen e dokumenteve t\u00eb skaduara edhe n\u00eb Shqip\u00ebri.<\/p>\n<p>\u201cDje parlamenti miratoi nj\u00eb akt vet\u00ebm 5 dit\u00eb p\u00ebrpara p\u00ebrfundimit t\u00eb afatit t\u00eb regjistrimit, n\u00eb t\u00eb cilin b\u00ebn t\u00eb mundur t\u00eb votojn\u00eb me dokumente t\u00eb skaduara qytetar\u00ebt shqiptar\u00eb jasht\u00eb vendit.<\/p>\n<p>S\u00eb pari, un\u00eb u b\u00ebj thirrje t\u00eb gjith\u00eb shqiptar\u00ebve jasht\u00eb vendit t\u00eb b\u00ebjn\u00eb gjith\u00e7ka q\u00eb k\u00ebto 4 dit\u00eb q\u00eb kan\u00eb mbetur, t\u00eb shum\u00ebfishojn\u00eb numrin e shqiptar\u00ebve jasht\u00eb vendit q\u00eb do votojn\u00eb m\u00eb 11 maj dhe t\u00eb b\u00ebhen kontributor\u00eb historik\u00eb n\u00eb p\u00ebrmbysjen e narkoshtetit t\u00eb par\u00eb dhe t\u00eb vet\u00ebm n\u00eb Evrop\u00eb, narkoshtetit t\u00eb Edi Ram\u00ebs.<\/p>\n<p>Vota e tyre ka nj\u00eb r\u00ebnd\u00ebsi p\u00ebrcaktuese.<\/p>\n<p>S\u00eb dyti, k\u00ebrkoj, dhe zyrtarisht do paraqesim k\u00ebrkes\u00ebn pran\u00eb KQZ, q\u00eb t\u00eb shtyhet afati i regjistrimeve pasi ky akt ka dal\u00eb shum\u00eb, shum\u00eb, shum\u00eb me vones\u00eb.<\/p>\n<p>Pra, ky akt i votuar vet\u00ebm 5 dit\u00eb para skadimit t\u00eb afatit t\u00eb regjistrimit, de facto e b\u00ebn t\u00eb pazbatuesh\u00ebm n\u00eb kuptimin q\u00eb edhe njoftimi p\u00ebr miratimin e k\u00ebtij akti \u00ebsht\u00eb nj\u00eb njoftim shum\u00eb i mang\u00ebt.<\/p>\n<p>Ndaj dhe k\u00ebrkoj shtyrjen e afatit t\u00eb regjistrimit.<\/p>\n<p>Dhe s\u00eb fundmi k\u00ebrkoj, dhe do d\u00ebrgoj n\u00eb Gjykat\u00eb Kushtetuese, respektimin e barazis\u00eb s\u00eb shtetasve shqiptar\u00eb kudo q\u00eb jan\u00eb. Vlefshm\u00ebrin\u00eb e dokumenteve t\u00eb skaduara si p\u00ebr qytetar\u00ebt n\u00eb Shqip\u00ebri, ashtu edhe jasht\u00eb vendit.<\/p>\n<p>Nuk kan\u00eb asnj\u00eb t\u00eb drejt\u00eb t\u00eb b\u00ebjn\u00eb k\u00ebt\u00eb diskriminim t\u00eb madh p\u00ebrve\u00e7 fobis\u00eb nga vota e qytetar\u00ebve shqiptar\u00eb.<\/p>\n<p>Ky \u00ebsht\u00eb nj\u00eb akt i turpsh\u00ebm dhe ne do b\u00ebjm\u00eb \u00e7do gj\u00eb q\u00eb qytetar\u00ebt shqiptar\u00eb t\u00eb konsiderohen t\u00eb barabart\u00eb para ligjit\u201d, tha Berisha.<\/p>\n","protected":false},"excerpt":{"rendered":"<p>Kryetari i Partis\u00eb Demokratike, Sali Berisha k\u00ebrkoi gjat\u00eb nj\u00eb konferenc\u00eb shtypi, shtyrjen e afatit t\u00eb regjistrimit t\u00eb diaspor\u00ebs dhe njohjen e dokumenteve t\u00eb skaduara edhe n\u00eb Shqip\u00ebri. \u201cDje parlamenti miratoi nj\u00eb akt vet\u00ebm 5 dit\u00eb p\u00ebrpara p\u00ebrfundimit t\u00eb afatit t\u00eb regjistrimit, n\u00eb t\u00eb cilin b\u00ebn t\u00eb mundur t\u00eb votojn\u00eb me dokumente t\u00eb skaduara qytetar\u00ebt shqiptar\u00eb &hellip;<\/p>\n","protected":false},"author":4,"featured_media":106055,"comment_status":"closed","ping_status":"closed","sticky":false,"template":"","format":"standard","meta":{"footnotes":""},"categories":[37],"tags":[],"class_list":["post-106054","post","type-post","status-publish","format-standard","has-post-thumbnail","","category-politike"],"_links":{"self":[{"href":"https:\/\/rdnews.al\/index.php\/wp-json\/wp\/v2\/posts\/106054","targetHints":{"allow":["GET"]}}],"collection":[{"href":"https:\/\/rdnews.al\/index.php\/wp-json\/wp\/v2\/posts"}],"about":[{"href":"https:\/\/rdnews.al\/index.php\/wp-json\/wp\/v2\/types\/post"}],"author":[{"embeddable":true,"href":"https:\/\/rdnews.al\/index.php\/wp-json\/wp\/v2\/users\/4"}],"replies":[{"embeddable":true,"href":"https:\/\/rdnews.al\/index.php\/wp-json\/wp\/v2\/comments?post=106054"}],"version-history":[{"count":1,"href":"https:\/\/rdnews.al\/index.php\/wp-json\/wp\/v2\/posts\/106054\/revisions"}],"predecessor-version":[{"id":106056,"href":"https:\/\/rdnews.al\/index.php\/wp-json\/wp\/v2\/posts\/106054\/revisions\/106056"}],"wp:featuredmedia":[{"embeddable":true,"href":"https:\/\/rdnews.al\/index.php\/wp-json\/wp\/v2\/media\/106055"}],"wp:attachment":[{"href":"https:\/\/rdnews.al\/index.php\/wp-json\/wp\/v2\/media?parent=106054"}],"wp:term":[{"taxonomy":"category","embeddable":true,"href":"https:\/\/rdnews.al\/index.php\/wp-json\/wp\/v2\/categories?post=106054"},{"taxonomy":"post_tag","embeddable":true,"href":"https:\/\/rdnews.al\/index.php\/wp-json\/wp\/v2\/tags?post=106054"}],"curies":[{"name":"wp","href":"https:\/\/api.w.org\/{rel}","templated":true}]}}