{"id":106057,"date":"2025-02-28T11:40:49","date_gmt":"2025-02-28T11:40:49","guid":{"rendered":"https:\/\/rdnews.al\/?p=106057"},"modified":"2025-02-28T11:40:49","modified_gmt":"2025-02-28T11:40:49","slug":"berisha-fton-diasporen-te-regjistrohet-shqiperia-madheshtore-realizohet-vetem-me-angazhimin-tuaj-ketu-pas-11-majit","status":"publish","type":"post","link":"https:\/\/rdnews.al\/index.php\/2025\/02\/28\/berisha-fton-diasporen-te-regjistrohet-shqiperia-madheshtore-realizohet-vetem-me-angazhimin-tuaj-ketu-pas-11-majit\/","title":{"rendered":"Berisha fton diaspor\u00ebn t\u00eb regjistrohet: Shqip\u00ebria Madh\u00ebshtore realizohet vet\u00ebm me angazhimin tuaj k\u00ebtu pas 11 majit"},"content":{"rendered":"<p>Kryetari i PD, Sali Berisha n\u00eb konferenc\u00ebn e s\u00eb premtes me gazetar\u00ebt u shpreh se, Shqip\u00ebria madh\u00ebshtore sipas tij, mund t\u00eb realizohet vet\u00ebm fal\u00eb angazhimit t\u00eb diaspor\u00ebs q\u00eb jeton jasht\u00eb vendit dhe kjo do t\u00eb ndodh\u00eb pas 11 majit.<\/p>\n<p>N\u00eb fjal\u00ebn e tij, Berisha tha se fitorja e PD-s\u00eb me 11 maj 2025, n\u00ebnkupton hapjen reale t\u00eb vendit dhe krijimin e \u00e7do lloj mund\u00ebsie t\u00eb kthimit t\u00eb shqiptar\u00ebve n\u00eb Shqip\u00ebri.<\/p>\n<p>\u201cNd\u00ebrkoh\u00eb, edhe nj\u00ebher\u00eb, jam k\u00ebtu p\u00ebr t\u2019u b\u00ebr\u00eb thirrje shqipar\u00ebve jasht\u00eb vendit dhe p\u00ebr t\u2019i garantuar ata se fitorja e PD-s\u00eb me dat\u00ebn 11 maj 2025 n\u00ebnkupton hapjen reale, krijimin e \u00e7do lloj mund\u00ebsie t\u00eb kthimit t\u00eb shqiptar\u00ebve jasht\u00eb vendit n\u00eb Shqip\u00ebri.<\/p>\n<p>N\u00eb k\u00ebt\u00eb kuad\u00ebr, afati 5-vje\u00e7ar pa taksa p\u00ebrb\u00ebn zotimin ton\u00eb solemn.<\/p>\n<p>Por, jo vet\u00ebm kaq.<\/p>\n<p>N\u00eb t\u00eb gjith\u00eb jet\u00ebn e vendit, shqiptar\u00ebt do mund t\u00eb marrin pjes\u00eb n\u00eb \u00e7do lloj p\u00ebrfshirje, gare, konteksti q\u00eb zhvillohet p\u00ebr administrat\u00eb dhe institucione t\u00eb tjera.<\/p>\n<p>Sikund\u00ebr, bonuset p\u00ebr f\u00ebmij\u00ebt shqiptar\u00eb q\u00eb lindin kudo n\u00eb bot\u00eb do jen\u00eb t\u00eb nj\u00ebjta si p\u00ebr ata q\u00eb lindin n\u00eb Shqip\u00ebri, edhe p\u00ebr ata q\u00eb lindin n\u00eb bot\u00eb.<\/p>\n<p>Tjet\u00ebr, n\u00eb programin ton\u00eb shum\u00eb t\u00eb r\u00ebnd\u00ebsish\u00ebm p\u00ebr emigracionin dhe diaspor\u00ebn, nj\u00eb sistem universal lidhje online me shqiptar\u00ebt e shquar q\u00eb p\u00ebr arsye t\u00eb ndryshme nuk mund t\u00eb rikthehen n\u00eb Shqip\u00ebri, por q\u00eb mund t\u00eb kontribuojn\u00eb aty ku jan\u00eb n\u00eb fushat e ndryshme.<\/p>\n<p>Pra, nj\u00eb shkrirje e kombit, pavar\u00ebsisht nga distancat gjeografike, do t\u00eb ndodh\u00eb pas 11 majit.<\/p>\n<p>Shqip\u00ebria Madh\u00ebshtore si projekt i Shqip\u00ebris\u00eb s\u00eb viteve t\u00eb ardhshme mund t\u00eb realizohet vet\u00ebm me angazhimin intensiv t\u00eb shqiptar\u00ebve jasht\u00eb vendit.<\/p>\n<p>Pra, mendoj se horizonte t\u00eb reja bashk\u00ebpunimi krijohen dhe shfaqen pas 11 majit.<\/p>\n<p>Mos harroni, t\u00eb dashur shqiptare dhe shqiptar\u00eb jasht\u00eb vendit, se njeriu q\u00eb sot krijon t\u00eb gjitha k\u00ebto pengesa, shpalli publikisht z\u00ebvend\u00ebsimin tuaj me bangladeshas, me senegalez\u00eb, q\u00eb un\u00eb nuk kam asnj\u00eb sentiment ksenofobik ndaj tyre, por kuptoj detyrimin e Shqip\u00ebris\u00eb ndaj qytetar\u00ebve t\u00eb saj p\u00ebr t\u00eb zhvilluar k\u00ebt\u00eb vend, p\u00ebr t\u00eb b\u00ebr\u00eb t\u00eb mundur q\u00eb \u00ebndrrat e qytetar\u00ebve shqiptar\u00eb t\u00eb realizohen n\u00eb Shqip\u00ebri.<\/p>\n<p>Nuk mundet kurr\u00eb t\u00eb pranohet q\u00eb shqiptar\u00ebt t\u00eb p\u00ebrzihen dhe t\u00eb z\u00ebvend\u00ebsohen me t\u00eb tjer\u00eb. Kemi t\u00eb b\u00ebjm\u00eb me nj\u00eb politik\u00eb p\u00ebrz\u00ebnie t\u00eb shqiptar\u00ebve, si\u00e7 e keni konstatuar.<\/p>\n<p>Ndaj dhe ky ishte problemi i par\u00eb q\u00eb un\u00eb desha t\u00eb paraqes para jush.<\/p>\n<p>Nd\u00ebrkoh\u00eb, theksoj n\u00eb k\u00ebt\u00eb kontekst p\u00ebrs\u00ebri se p\u00ebr emigracionin, p\u00ebr shqiptar\u00ebt jasht\u00eb vendit, paketa e emergjenc\u00ebs, vendosja e minimumit jetik 200 euro, rritja e pensioneve 20 p\u00ebrqind, vendosja e rrog\u00ebs minimale 500 euro, vendosja e rrog\u00ebs mesatare 1200 euro, q\u00eb t\u00eb gjitha k\u00ebto jan\u00eb nj\u00ebkoh\u00ebsisht leht\u00ebsim i madh p\u00ebr shqiptar\u00ebt, t\u00eb cil\u00ebt detyrohen t\u00eb d\u00ebrgojn\u00eb remitanca p\u00ebr familjet e tyre, q\u00eb p\u00ebrdoren p\u00ebr kafshat\u00ebn dhe ila\u00e7et.<\/p>\n<p>N\u00eb k\u00ebt\u00eb m\u00ebnyr\u00eb, k\u00ebto kursime do mund t\u00eb p\u00ebrdoren p\u00ebr investime, biznese t\u00eb vogla dhe q\u00ebllime t\u00eb tjera.<\/p>\n<p>Ne i q\u00ebndrojm\u00eb plot\u00ebsisht k\u00ebsaj pakete.<\/p>\n<p>Ne, krahas k\u00ebtyre, do vendosim kart\u00ebn e konsumatorit, e cila do rikthej\u00eb TVSH-n\u00eb e ushqimeve baz\u00eb p\u00ebr t\u00eb gjith\u00eb rrog\u00ebul\u00ebtit dhe pensionist\u00ebt, si dhe qytetar\u00ebve me t\u00eb ardhura minimumin jetik.<\/p>\n<p>Do ulet ndjesh\u00ebm \u00e7mimi i energjis\u00eb, nga 85 lek\u00eb do zbres\u00eb n\u00eb 70 lek\u00eb. P\u00ebr bizneset, ulja do jet\u00eb drastike. Do ulet t\u00eb pakt\u00ebn me 3 her\u00eb, nga 18-24 q\u00eb \u00ebsht\u00eb, do zbres\u00eb n\u00eb 6.<\/p>\n<p>T\u00eb gjitha k\u00ebto jan\u00eb stimuj real\u00eb dhe t\u00eb v\u00ebrtet\u00eb p\u00ebr t\u00eb rikthyer Shqip\u00ebrin\u00eb n\u00eb nj\u00eb vend t\u00ebrheq\u00ebs p\u00ebr rikthimin e bijve dhe bijave t\u00eb saj kudo q\u00eb ndodhen\u201d, u shpreh Berisha.<\/p>\n","protected":false},"excerpt":{"rendered":"<p>Kryetari i PD, Sali Berisha n\u00eb konferenc\u00ebn e s\u00eb premtes me gazetar\u00ebt u shpreh se, Shqip\u00ebria madh\u00ebshtore sipas tij, mund t\u00eb realizohet vet\u00ebm fal\u00eb angazhimit t\u00eb diaspor\u00ebs q\u00eb jeton jasht\u00eb vendit dhe kjo do t\u00eb ndodh\u00eb pas 11 majit. N\u00eb fjal\u00ebn e tij, Berisha tha se fitorja e PD-s\u00eb me 11 maj 2025, n\u00ebnkupton hapjen &hellip;<\/p>\n","protected":false},"author":4,"featured_media":106058,"comment_status":"closed","ping_status":"closed","sticky":false,"template":"","format":"standard","meta":{"footnotes":""},"categories":[37],"tags":[],"class_list":["post-106057","post","type-post","status-publish","format-standard","has-post-thumbnail","","category-politike"],"_links":{"self":[{"href":"https:\/\/rdnews.al\/index.php\/wp-json\/wp\/v2\/posts\/106057","targetHints":{"allow":["GET"]}}],"collection":[{"href":"https:\/\/rdnews.al\/index.php\/wp-json\/wp\/v2\/posts"}],"about":[{"href":"https:\/\/rdnews.al\/index.php\/wp-json\/wp\/v2\/types\/post"}],"author":[{"embeddable":true,"href":"https:\/\/rdnews.al\/index.php\/wp-json\/wp\/v2\/users\/4"}],"replies":[{"embeddable":true,"href":"https:\/\/rdnews.al\/index.php\/wp-json\/wp\/v2\/comments?post=106057"}],"version-history":[{"count":1,"href":"https:\/\/rdnews.al\/index.php\/wp-json\/wp\/v2\/posts\/106057\/revisions"}],"predecessor-version":[{"id":106059,"href":"https:\/\/rdnews.al\/index.php\/wp-json\/wp\/v2\/posts\/106057\/revisions\/106059"}],"wp:featuredmedia":[{"embeddable":true,"href":"https:\/\/rdnews.al\/index.php\/wp-json\/wp\/v2\/media\/106058"}],"wp:attachment":[{"href":"https:\/\/rdnews.al\/index.php\/wp-json\/wp\/v2\/media?parent=106057"}],"wp:term":[{"taxonomy":"category","embeddable":true,"href":"https:\/\/rdnews.al\/index.php\/wp-json\/wp\/v2\/categories?post=106057"},{"taxonomy":"post_tag","embeddable":true,"href":"https:\/\/rdnews.al\/index.php\/wp-json\/wp\/v2\/tags?post=106057"}],"curies":[{"name":"wp","href":"https:\/\/api.w.org\/{rel}","templated":true}]}}