{"id":106060,"date":"2025-02-28T11:43:26","date_gmt":"2025-02-28T11:43:26","guid":{"rendered":"https:\/\/rdnews.al\/?p=106060"},"modified":"2025-02-28T11:43:26","modified_gmt":"2025-02-28T11:43:26","slug":"paralajmerimi-i-forte-i-berishes-rama-mund-te-thirret-nga-dita-ne-dite-per-krimet-qe-ka-kryer","status":"publish","type":"post","link":"https:\/\/rdnews.al\/index.php\/2025\/02\/28\/paralajmerimi-i-forte-i-berishes-rama-mund-te-thirret-nga-dita-ne-dite-per-krimet-qe-ka-kryer\/","title":{"rendered":"Paralajm\u00ebrimi i fort\u00eb i Berish\u00ebs: Rama mund t\u00eb thirret nga dita n\u00eb dit\u00eb p\u00ebr krimet q\u00eb ka kryer"},"content":{"rendered":"<div class=\"col-md-1 col-sm-1\">\n<div class=\"article-sharing-options\">\n<p>Kreu i Partis\u00eb Demokratike, Sali Berisha, ka b\u00ebr\u00eb nj\u00eb deklarat\u00eb t\u00eb fort\u00eb n\u00eb nj\u00eb konferenc\u00eb p\u00ebr mediat n\u00eb selin\u00eb blu, duke e akuzuar Kryeministrin Edi Rama si \u201cEdvin Sinaloa\u201d dhe duke e lidhur at\u00eb me aktivitete kriminale.<\/p>\n<\/div>\n<\/div>\n<div class=\"col-md-10 col-sm-10 article-text\">\n<p>\u201cEdvin Sinaloa ka marr\u00eb nj\u00eb goditje fatale t\u00eb pashpres\u00eb. Me deklarimin e presidentit Trump q\u00eb e cil\u00ebson Sinaloan si organizat\u00eb terroriste, ai \u00ebsht\u00eb tani n\u00eb rreth t\u00eb kuq si bashk\u00ebpun\u00ebtor i k\u00ebtyre grupeve,\u201d tha Berisha.<\/p>\n<p>Ai theksoi se lajmet e k\u00ebqija vazhdojn\u00eb t\u00eb vijn\u00eb p\u00ebr Ram\u00ebn, duke p\u00ebrmendur akuzat n\u00eb Kongresin amerikan se ish-gruaja e tij dhe t\u00eb tjer\u00eb kan\u00eb p\u00ebrfituar 10 milion dollar\u00eb nga marr\u00ebveshje t\u00eb dyshimta.<\/p>\n<p>Berisha paralajm\u00ebroi se nj\u00eb grup prokuror\u00ebsh amerikan\u00eb do t\u00eb vijn\u00eb n\u00eb Tiran\u00eb dhe se Rama nuk do t\u00eb ket\u00eb m\u00eb kontroll mbi ta. \u201cE v\u00ebrteta \u00ebsht\u00eb se \u00e7do dit\u00eb ky njeri mund t\u00eb thirret p\u00ebr krimet q\u00eb ka kryer. Ndaj, nuk e z\u00eb vendi,\u201d p\u00ebrfundoi Berisha.<\/p>\n<\/div>\n","protected":false},"excerpt":{"rendered":"<p>Kreu i Partis\u00eb Demokratike, Sali Berisha, ka b\u00ebr\u00eb nj\u00eb deklarat\u00eb t\u00eb fort\u00eb n\u00eb nj\u00eb konferenc\u00eb p\u00ebr mediat n\u00eb selin\u00eb blu, duke e akuzuar Kryeministrin Edi Rama si \u201cEdvin Sinaloa\u201d dhe duke e lidhur at\u00eb me aktivitete kriminale. \u201cEdvin Sinaloa ka marr\u00eb nj\u00eb goditje fatale t\u00eb pashpres\u00eb. Me deklarimin e presidentit Trump q\u00eb e cil\u00ebson Sinaloan &hellip;<\/p>\n","protected":false},"author":3,"featured_media":106061,"comment_status":"closed","ping_status":"closed","sticky":false,"template":"","format":"standard","meta":{"footnotes":""},"categories":[37],"tags":[],"class_list":["post-106060","post","type-post","status-publish","format-standard","has-post-thumbnail","","category-politike"],"_links":{"self":[{"href":"https:\/\/rdnews.al\/index.php\/wp-json\/wp\/v2\/posts\/106060","targetHints":{"allow":["GET"]}}],"collection":[{"href":"https:\/\/rdnews.al\/index.php\/wp-json\/wp\/v2\/posts"}],"about":[{"href":"https:\/\/rdnews.al\/index.php\/wp-json\/wp\/v2\/types\/post"}],"author":[{"embeddable":true,"href":"https:\/\/rdnews.al\/index.php\/wp-json\/wp\/v2\/users\/3"}],"replies":[{"embeddable":true,"href":"https:\/\/rdnews.al\/index.php\/wp-json\/wp\/v2\/comments?post=106060"}],"version-history":[{"count":1,"href":"https:\/\/rdnews.al\/index.php\/wp-json\/wp\/v2\/posts\/106060\/revisions"}],"predecessor-version":[{"id":106062,"href":"https:\/\/rdnews.al\/index.php\/wp-json\/wp\/v2\/posts\/106060\/revisions\/106062"}],"wp:featuredmedia":[{"embeddable":true,"href":"https:\/\/rdnews.al\/index.php\/wp-json\/wp\/v2\/media\/106061"}],"wp:attachment":[{"href":"https:\/\/rdnews.al\/index.php\/wp-json\/wp\/v2\/media?parent=106060"}],"wp:term":[{"taxonomy":"category","embeddable":true,"href":"https:\/\/rdnews.al\/index.php\/wp-json\/wp\/v2\/categories?post=106060"},{"taxonomy":"post_tag","embeddable":true,"href":"https:\/\/rdnews.al\/index.php\/wp-json\/wp\/v2\/tags?post=106060"}],"curies":[{"name":"wp","href":"https:\/\/api.w.org\/{rel}","templated":true}]}}