{"id":106105,"date":"2025-02-28T17:45:15","date_gmt":"2025-02-28T17:45:15","guid":{"rendered":"https:\/\/rdnews.al\/?p=106105"},"modified":"2025-02-28T17:45:15","modified_gmt":"2025-02-28T17:45:15","slug":"kandidatet-dhe-vendet-ku-do-te-votohet-per-primaret-e-pd-ne-qarkun-tirane","status":"publish","type":"post","link":"https:\/\/rdnews.al\/index.php\/2025\/02\/28\/kandidatet-dhe-vendet-ku-do-te-votohet-per-primaret-e-pd-ne-qarkun-tirane\/","title":{"rendered":"Kandidat\u00ebt dhe vendet ku do t\u00eb votohet p\u00ebr primaret e PD n\u00eb qarkun Tiran\u00eb"},"content":{"rendered":"<div id=\"rekl-49\">Partia Demokratike zhvillon dit\u00ebn e nes\u00ebrme primaret n\u00eb t\u00eb gjith\u00eb Shqip\u00ebrin\u00eb.<\/div>\n<div class=\"readmore-text-here\">\n<p>Qarku i Tiran\u00ebs, do t\u00eb ket\u00eb 82 kandidat\u00eb, ku p\u00ebrfshihen edhe bashkit\u00eb e Kamz\u00ebs, Vor\u00ebs, Kavaj\u00ebs dhe Rrogozhin\u00ebs.<\/p>\n<p>I deleguari politik i PD p\u00ebr qarkun e Tiran\u00ebs, Belind K\u00eblli\u00e7i ka b\u00ebr\u00eb publike list\u00ebn dhe vendet ku do t\u00eb votohet.<\/p>\n<p><strong>Njoftimi i Belind K\u00eblli\u00e7it<\/strong><\/p>\n<p>T\u00eb nderuar an\u00ebtar\u00eb t\u00eb Partis\u00eb Demokratike, nes\u00ebr, m\u00eb 1 Mars 2025, zhvillohen primaret p\u00ebr p\u00ebrzgjedhjen e kandidat\u00ebve p\u00ebr deputet\u00eb t\u00eb Partis\u00eb Demokratike p\u00ebr qarkun e Tiran\u00ebs, n\u00eb kuad\u00ebr t\u00eb zgjedhjeve parlamentare t\u00eb 11 Majit 2025.<\/p>\n<p><strong>Ora: 08:00 \u2013 18:00<\/strong><\/p>\n<p><strong>Vendet e votimit:<\/strong><\/p>\n<p><em>Tirana 1 &#8211; Shkolla \u2018Ali Demi\u2019<\/em><\/p>\n<p><em>Tirana 2 &#8211; Selia Qendrore e PDSH<\/em><\/p>\n<p><em>Tirana 3 &#8211; Selia e Deg\u00ebs, zona e Xhamllikut, pas karburantit Ifuel<\/em><\/p>\n<p><em>Tirana 4 &#8211; Selia e Deg\u00ebs, \u2018Kompleksi Orion\u2019, Rr. \u2018Faruk Begolli\u2019<\/em><\/p>\n<p><em>Tirana 5 &#8211; Selia Deg\u00ebs, Kompleksi \u2018Kika\u2019<\/em><\/p>\n<p><em>Tirana 6 &#8211; Selia e Deg\u00ebs, Kombinat<\/em><\/p>\n<p><em>Tirana 7 &#8211; Selia e Deg\u00ebs, Rr. \u2018Muhamet Gjollesha\u2019, Godina p\u00ebrball\u00eb \u2018Hotel Mondial\u2019<\/em><\/p>\n<p><em>Tirana 8 &#8211; Selia e Deg\u00ebs, Rr. \u2018Xhemal Tafaj\u2019, Lagjja te Selvia, Rruga e \u2018Sara\u00e7\u00ebve\u2019<\/em><\/p>\n<p><em>Tirana 9 &#8211; Selia e Deg\u00ebs, Bulevardi i Ri<\/em><\/p>\n<p><em>Tirana 10 &#8211; Selia e Deg\u00ebs, Rr. \u2018Bogdan\u00ebve\u2019<\/em><\/p>\n<p><em>Tirana 11 &#8211; Selia e Deg\u00ebs, Rr. \u2018Egnatia\u2019, sip\u00ebr KMY, kati 2<\/em><\/p>\n<p><em>Tirana 12 &#8211; Zyra e Deg\u00ebs, Sauk<\/em><\/p>\n<p><em>Tirana 13 &#8211; Zyra e Deg\u00ebs, Yrshek<\/em><\/p>\n<p><em>Tirana 14 &#8211; Zyra e Deg\u00ebs, Qesarak\u00eb, Dajt<\/em><\/p>\n<p><em>Tirana 15 &#8211; Zyra e Deg\u00ebs, Lokali i Besnik Kodr\u00ebs, Pez\u00eb Helm\u00ebs<\/em><\/p>\n<p><em>Tirana 16 &#8211; Selia Deg\u00ebs, zona e Astir<\/em><\/p>\n<p><em>Kam\u00ebz &#8211; Selia e Deg\u00ebs, n\u00eb qend\u00ebr t\u00eb Kamz\u00ebs<\/em><\/p>\n<p><em>Kavaj\u00eb &#8211; Tek kinemaja, n\u00eb qend\u00ebr<\/em><\/p>\n<p><em>Vor\u00eb &#8211; Vor\u00eb, Hotel Kontinental, kati 1, hyrja nga pas<\/em><\/p>\n<p><em>Rrogozhin\u00eb &#8211; Rr. \u2018Stacioni i Trenit\u2019, tek kinemaja<\/em><\/p>\n<p>M\u00ebnyra e votimit: Nj\u00eb an\u00ebtar, nj\u00eb vot\u00eb.<\/p>\n<p>Kandidat\u00ebt: N\u00eb flet\u00ebn e votimit do t\u00eb gjeni t\u00eb gjith\u00eb kandidat\u00ebt e qarkut Tiran\u00eb (Tiran\u00eb, Kam\u00ebz, Kavaj\u00eb, Vor\u00eb, Rrogozhin\u00eb). do an\u00ebtar ka t\u00eb drejt\u00eb t\u00eb votoj\u00eb vet\u00ebm nj\u00eb kandidat.<\/p>\n<p>Ftoj t\u00eb gjith\u00eb an\u00ebtar\u00ebt e PD-s\u00eb n\u00eb qarkun Tiran\u00eb t\u00eb marrin pjes\u00eb dhe t\u00eb ushtrojn\u00eb t\u00eb drejt\u00ebn e tyre t\u00eb vot\u00ebs.<\/p>\n<p>Kontributi juaj \u00ebsht\u00eb thelb\u00ebsor p\u00ebr nj\u00eb proces t\u00eb drejt\u00eb, transparent dhe demokratik.<\/p>\n<p><img decoding=\"async\" src=\"https:\/\/scontent.ftia5-1.fna.fbcdn.net\/v\/t39.30808-6\/481680510_1196798828473652_4339152299035504303_n.jpg?stp=dst-jpg_s720x720_tt6&amp;_nc_cat=108&amp;ccb=1-7&amp;_nc_sid=833d8c&amp;_nc_ohc=lfcNV-F3amgQ7kNvgFxiBKX&amp;_nc_oc=Adgoh5349JC1eti0MLymnemAISlJ3BBGDQJX3u7993nFpNFRa2PG-bHf4byaZ8sBAFM&amp;_nc_zt=23&amp;_nc_ht=scontent.ftia5-1.fna&amp;_nc_gid=AZIv9V598Aj6C5k9guxvM1G&amp;oh=00_AYDg6hgHQ7f0NSTZnz6ivpx_k1SdS76EuG-ynTotSRjq1g&amp;oe=67C7CD61\" alt=\"Mund t\u00eb jet\u00eb nj\u00eb imazh i am\u00eb e bilet\u00ebs dhe teksti\" \/><\/p>\n<\/div>\n","protected":false},"excerpt":{"rendered":"<p>Partia Demokratike zhvillon dit\u00ebn e nes\u00ebrme primaret n\u00eb t\u00eb gjith\u00eb Shqip\u00ebrin\u00eb. Qarku i Tiran\u00ebs, do t\u00eb ket\u00eb 82 kandidat\u00eb, ku p\u00ebrfshihen edhe bashkit\u00eb e Kamz\u00ebs, Vor\u00ebs, Kavaj\u00ebs dhe Rrogozhin\u00ebs. I deleguari politik i PD p\u00ebr qarkun e Tiran\u00ebs, Belind K\u00eblli\u00e7i ka b\u00ebr\u00eb publike list\u00ebn dhe vendet ku do t\u00eb votohet. Njoftimi i Belind K\u00eblli\u00e7it T\u00eb &hellip;<\/p>\n","protected":false},"author":4,"featured_media":106106,"comment_status":"closed","ping_status":"closed","sticky":false,"template":"","format":"standard","meta":{"footnotes":""},"categories":[37],"tags":[],"class_list":["post-106105","post","type-post","status-publish","format-standard","has-post-thumbnail","","category-politike"],"_links":{"self":[{"href":"https:\/\/rdnews.al\/index.php\/wp-json\/wp\/v2\/posts\/106105","targetHints":{"allow":["GET"]}}],"collection":[{"href":"https:\/\/rdnews.al\/index.php\/wp-json\/wp\/v2\/posts"}],"about":[{"href":"https:\/\/rdnews.al\/index.php\/wp-json\/wp\/v2\/types\/post"}],"author":[{"embeddable":true,"href":"https:\/\/rdnews.al\/index.php\/wp-json\/wp\/v2\/users\/4"}],"replies":[{"embeddable":true,"href":"https:\/\/rdnews.al\/index.php\/wp-json\/wp\/v2\/comments?post=106105"}],"version-history":[{"count":1,"href":"https:\/\/rdnews.al\/index.php\/wp-json\/wp\/v2\/posts\/106105\/revisions"}],"predecessor-version":[{"id":106107,"href":"https:\/\/rdnews.al\/index.php\/wp-json\/wp\/v2\/posts\/106105\/revisions\/106107"}],"wp:featuredmedia":[{"embeddable":true,"href":"https:\/\/rdnews.al\/index.php\/wp-json\/wp\/v2\/media\/106106"}],"wp:attachment":[{"href":"https:\/\/rdnews.al\/index.php\/wp-json\/wp\/v2\/media?parent=106105"}],"wp:term":[{"taxonomy":"category","embeddable":true,"href":"https:\/\/rdnews.al\/index.php\/wp-json\/wp\/v2\/categories?post=106105"},{"taxonomy":"post_tag","embeddable":true,"href":"https:\/\/rdnews.al\/index.php\/wp-json\/wp\/v2\/tags?post=106105"}],"curies":[{"name":"wp","href":"https:\/\/api.w.org\/{rel}","templated":true}]}}