{"id":106108,"date":"2025-02-28T18:07:41","date_gmt":"2025-02-28T18:07:41","guid":{"rendered":"https:\/\/rdnews.al\/?p=106108"},"modified":"2025-02-28T18:43:42","modified_gmt":"2025-02-28T18:43:42","slug":"gazetarja-punetori-qe-u-be-biznemsen-merrte-tendera-nga-veliaj-dhe-blinte-pikturat-e-ajoles","status":"publish","type":"post","link":"https:\/\/rdnews.al\/index.php\/2025\/02\/28\/gazetarja-punetori-qe-u-be-biznemsen-merrte-tendera-nga-veliaj-dhe-blinte-pikturat-e-ajoles\/","title":{"rendered":"Gazetarja: Pun\u00ebtori q\u00eb u b\u00eb biznemsen merrte tendera nga Veliaj dhe blinte pikturat e Ajol\u00ebs"},"content":{"rendered":"<p>An\u00ebtarja e K\u00ebshillit Bashkiak t\u00eb Tiran\u00ebs, gazetarja Beti Njuma shkruan n\u00eb nj\u00eb postim n\u00eb Facebook se, <em>Sokol <\/em>Kryeziu nga faturino n\u00eb kompanin\u00eb Gerard-A, e bleu k\u00ebt\u00eb kompani p\u00ebr 33.4 milion\u00eb lek\u00eb.<\/p>\n<p>Njuma shkruan se, ky \u00ebsht\u00eb biznesmeni q\u00eb merrte tendera nga burri kryebashkiak dhe blinte pikturat e bashk\u00ebshortes Ajola.<\/p>\n<p>Kujtojm\u00eb se deri tani \u00ebsht\u00eb faktuar se kompania e cila figuron n\u00eb em\u00ebr t\u00eb Kryeziut ka marr\u00eb nga Bashkia e Tiran\u00ebs 23 tendera me vler\u00eb totale 6 milion\u00eb euro.<\/p>\n<p><strong>Postimi <\/strong><\/p>\n<p>Ky \u00ebsht\u00eb Sokol Kryeziu, q\u00eb fal\u00eb Erion Veliajt u b\u00eb \u201cBiznesmen\u201d, q\u00eb nga fshesar n\u00eb Drejtorin\u00eb e Pastrim-Gjelb\u00ebrimit, pun\u00ebtor ngarkim-shkarkimi n\u00eb shoq\u00ebrin\u00eb \u2018Alb TECH PLAST, kontrollor dhe faturino n\u00eb kompanin\u00eb Gerard-A, nj\u00eb dit\u00eb t\u00eb bukur e blen k\u00ebt\u00eb t\u00eb fundit p\u00ebr 33.4 mln lek\u00eb dhe merr nga Bashkia 23 tendera me vler\u00eb 6 milion\u00eb euro.<\/p>\n<p>Ky \u00ebsht\u00eb \u201cBiznesmeni\u201d (pjes\u00eb e dosjes s\u00eb Erion Veliajt q\u00eb leh \u00e7do dit\u00eb nga qelia p\u00ebr pafaj\u00ebsi) q\u00eb merrte tendera nga burri kryebashkiak dhe blinte pikturat e bashk\u00ebshortes Ajola.\u00a0 Ky postim \u00ebsht\u00eb p\u00ebr ata q\u00eb kan\u00eb ende dyshime dhe m\u00ebshir\u00eb p\u00ebr hajdutin Veliaj.<\/p>\n","protected":false},"excerpt":{"rendered":"<p>An\u00ebtarja e K\u00ebshillit Bashkiak t\u00eb Tiran\u00ebs, gazetarja Beti Njuma shkruan n\u00eb nj\u00eb postim n\u00eb Facebook se, Sokol Kryeziu nga faturino n\u00eb kompanin\u00eb Gerard-A, e bleu k\u00ebt\u00eb kompani p\u00ebr 33.4 milion\u00eb lek\u00eb. Njuma shkruan se, ky \u00ebsht\u00eb biznesmeni q\u00eb merrte tendera nga burri kryebashkiak dhe blinte pikturat e bashk\u00ebshortes Ajola. Kujtojm\u00eb se deri tani \u00ebsht\u00eb faktuar &hellip;<\/p>\n","protected":false},"author":4,"featured_media":106115,"comment_status":"closed","ping_status":"closed","sticky":false,"template":"","format":"standard","meta":{"footnotes":""},"categories":[37],"tags":[],"class_list":["post-106108","post","type-post","status-publish","format-standard","has-post-thumbnail","","category-politike"],"_links":{"self":[{"href":"https:\/\/rdnews.al\/index.php\/wp-json\/wp\/v2\/posts\/106108","targetHints":{"allow":["GET"]}}],"collection":[{"href":"https:\/\/rdnews.al\/index.php\/wp-json\/wp\/v2\/posts"}],"about":[{"href":"https:\/\/rdnews.al\/index.php\/wp-json\/wp\/v2\/types\/post"}],"author":[{"embeddable":true,"href":"https:\/\/rdnews.al\/index.php\/wp-json\/wp\/v2\/users\/4"}],"replies":[{"embeddable":true,"href":"https:\/\/rdnews.al\/index.php\/wp-json\/wp\/v2\/comments?post=106108"}],"version-history":[{"count":1,"href":"https:\/\/rdnews.al\/index.php\/wp-json\/wp\/v2\/posts\/106108\/revisions"}],"predecessor-version":[{"id":106109,"href":"https:\/\/rdnews.al\/index.php\/wp-json\/wp\/v2\/posts\/106108\/revisions\/106109"}],"wp:featuredmedia":[{"embeddable":true,"href":"https:\/\/rdnews.al\/index.php\/wp-json\/wp\/v2\/media\/106115"}],"wp:attachment":[{"href":"https:\/\/rdnews.al\/index.php\/wp-json\/wp\/v2\/media?parent=106108"}],"wp:term":[{"taxonomy":"category","embeddable":true,"href":"https:\/\/rdnews.al\/index.php\/wp-json\/wp\/v2\/categories?post=106108"},{"taxonomy":"post_tag","embeddable":true,"href":"https:\/\/rdnews.al\/index.php\/wp-json\/wp\/v2\/tags?post=106108"}],"curies":[{"name":"wp","href":"https:\/\/api.w.org\/{rel}","templated":true}]}}