{"id":106116,"date":"2025-02-28T18:54:14","date_gmt":"2025-02-28T18:54:14","guid":{"rendered":"https:\/\/rdnews.al\/?p=106116"},"modified":"2025-02-28T18:55:11","modified_gmt":"2025-02-28T18:55:11","slug":"berisha-shqiperia-ka-cmime-stratosferike-dhe-pensione-te-barabarta-me-pagesen-qe-ben-gjermani-per-qenin","status":"publish","type":"post","link":"https:\/\/rdnews.al\/index.php\/2025\/02\/28\/berisha-shqiperia-ka-cmime-stratosferike-dhe-pensione-te-barabarta-me-pagesen-qe-ben-gjermani-per-qenin\/","title":{"rendered":"Berisha: Shqip\u00ebria ka \u00e7mime stratosferike dhe pensione t\u00eb barabarta me pages\u00ebn q\u00eb n\u00eb Gjermani b\u00ebhen p\u00ebr qenin"},"content":{"rendered":"<p>Kryetari i PD, Sali Berisha, gjat\u00eb fjal\u00ebs s\u00eb tij n\u00eb prezantimin e programit qeveris\u00ebs t\u00eb PD\u00a0 2025-2029, u shpreh se, Shqip\u00ebria ka \u00e7mime stratosferike dhe kjo sjell dhe varf\u00ebrin\u00eb.<\/p>\n<p>Ai u shpreh se, pensionet n\u00eb Shqip\u00ebri jan\u00eb t\u00eb barabarta me pages\u00ebn q\u00eb nj\u00eb gjerman b\u00ebn p\u00ebr qenin e tij.<\/p>\n<p>\u201cMund t\u2019u jap plot shifra t\u00eb tjera. Po \u00e7far\u00eb ndodhi?<\/p>\n<p>Ndodhi q\u00eb pensionist\u00ebt, t\u00eb cil\u00ebt merrnin n\u00eb vitin 2013 nj\u00eb pension mesatar 145 mij\u00eb lek\u00eb, sot marrin 160 mij\u00eb. N\u00eb at\u00eb koh\u00eb, ata merrnin m\u00eb shum\u00eb se t\u00eb gjitha vendet e rajonit.<\/p>\n<p>Sot, pensioni n\u00eb Mal t\u00eb Zi \u00ebsht\u00eb 450 euro.<\/p>\n<p>Sot, n\u00eb Maqedoni \u00ebsht\u00eb 400 euro.<\/p>\n<p>N\u00eb Serbi mbi 400 euro.<\/p>\n<p>N\u00eb Bosnje-Hercegovin\u00eb, 300 e ca euro.<\/p>\n<p>N\u00eb Kosov\u00eb, 190 euro.<\/p>\n<p>Pra, n\u00eb Shqip\u00ebri 160 euro.<\/p>\n<p>Por, n\u00eb qoft\u00eb se e krahasojm\u00eb dy periudhat, \u00e7mimet n\u00eb Shqip\u00ebri n\u00eb vitet 2005-2013, n\u00eb raport me \u00e7mimet n\u00eb BE, jo vet\u00ebm q\u00eb nuk ndoq\u00ebn trendin e tyre, por n\u00eb raport me ato \u00e7mime, \u00e7mimet n\u00eb Shqip\u00ebri ran\u00eb.<\/p>\n<p>Kurse k\u00ebto vite, \u00e7mimet e ushqimeve n\u00eb raport me \u00e7mimet n\u00eb BE, jan\u00eb rritur me 30 p\u00ebrqind.<\/p>\n<p>Pra, Shqip\u00ebria me \u00e7mime stratosferike dhe me pensione pothuajse t\u00eb barabarta me pages\u00ebn q\u00eb b\u00ebn gjermani p\u00ebr qenin e sht\u00ebpis\u00eb. Gjerman\u00ebt japin 130 euro p\u00ebr kafsh\u00ebn e sht\u00ebpis\u00eb, p\u00ebr qenin.<\/p>\n<p>A ishte kjo mund\u00ebsia? Kurr\u00eb nuk \u00ebsht\u00eb kjo mund\u00ebsia.<\/p>\n<p>Po pse Mali i Zi t\u00eb trefishoj\u00eb pensionet? \u00c7far\u00eb ka? Rezerva, potenciale ekonomike shum\u00eb m\u00eb t\u00eb pak\u00ebta se Shqip\u00ebria.<\/p>\n<p>Pse Maqedonia t\u00eb trefishoj\u00eb pensionet? Pse Serbia t\u00eb trefishoj\u00eb pensionet?<\/p>\n<p>Ka vet\u00ebm nj\u00eb shkak, sepse b\u00ebhet nj\u00eb shp\u00ebrndarje e buxhetit, e cila e konsideron qytetarin, e cila respekton dinjitetin e tij, e cila b\u00ebn gjith\u00e7ka t\u2019ua leht\u00ebsoj\u00eb jet\u00ebn qytetar\u00ebve.<\/p>\n<p>160 euro ka qen\u00eb paga minimale e rumun\u00ebve n\u00eb vitin 2013, kur k\u00ebtu ishte 180 euro. Sot paga minimale n\u00eb Rumani \u00ebsht\u00eb 830 lej, pra \u00ebsht\u00eb af\u00ebrsisht 800 euro.<\/p>\n<p>Kurr\u00eb ndonj\u00ebher\u00eb nuk ka ekzistuar nj\u00eb grup njer\u00ebzish m\u00eb amoral\u00eb n\u00eb raport me q\u00ebndrimin ndaj qytetarit, se sa k\u00ebta qeveritar\u00eb.<\/p>\n<p>Si mundet? Si mundet ti t\u00eb l\u00ebsh qytetar\u00ebt e tu n\u00eb k\u00ebt\u00eb mjerim ekonomik?<\/p>\n<p>T\u2019u l\u00ebsh alternativ\u00eb t\u00eb vetme largimin nga Shqip\u00ebria.<\/p>\n<p>Nuk po ndalem n\u00eb fusha t\u00eb tjera, se ato dihen.<\/p>\n<p>Mos t\u00eb raft\u00eb ndonj\u00eb s\u00ebmundje e r\u00ebnd\u00eb, sepse t\u00eb merr s\u00ebmundja nga mungesa e ila\u00e7eve, jo se nuk mjekohet. Se ila\u00e7e nuk ka.<\/p>\n<p>Se ata q\u00eb duhet t\u00eb sigurojn\u00eb ila\u00e7et, duhet t\u00eb firmosin marr\u00ebveshje me X spital. G\u00ebnjeshtar\u00eb t\u00eb shpifur.<\/p>\n<p>Po \u00e7\u2019pun\u00eb ka marr\u00ebveshja me ila\u00e7et q\u00eb i duhen Spitalit Onkologjik? Dihet q\u00eb kushtojn\u00eb, por pa diskutim do i blesh ato\u201d, u shpreh Berisha.<\/p>\n","protected":false},"excerpt":{"rendered":"<p>Kryetari i PD, Sali Berisha, gjat\u00eb fjal\u00ebs s\u00eb tij n\u00eb prezantimin e programit qeveris\u00ebs t\u00eb PD\u00a0 2025-2029, u shpreh se, Shqip\u00ebria ka \u00e7mime stratosferike dhe kjo sjell dhe varf\u00ebrin\u00eb. Ai u shpreh se, pensionet n\u00eb Shqip\u00ebri jan\u00eb t\u00eb barabarta me pages\u00ebn q\u00eb nj\u00eb gjerman b\u00ebn p\u00ebr qenin e tij. \u201cMund t\u2019u jap plot shifra t\u00eb &hellip;<\/p>\n","protected":false},"author":4,"featured_media":106117,"comment_status":"closed","ping_status":"closed","sticky":false,"template":"","format":"standard","meta":{"footnotes":""},"categories":[37],"tags":[],"class_list":["post-106116","post","type-post","status-publish","format-standard","has-post-thumbnail","","category-politike"],"_links":{"self":[{"href":"https:\/\/rdnews.al\/index.php\/wp-json\/wp\/v2\/posts\/106116","targetHints":{"allow":["GET"]}}],"collection":[{"href":"https:\/\/rdnews.al\/index.php\/wp-json\/wp\/v2\/posts"}],"about":[{"href":"https:\/\/rdnews.al\/index.php\/wp-json\/wp\/v2\/types\/post"}],"author":[{"embeddable":true,"href":"https:\/\/rdnews.al\/index.php\/wp-json\/wp\/v2\/users\/4"}],"replies":[{"embeddable":true,"href":"https:\/\/rdnews.al\/index.php\/wp-json\/wp\/v2\/comments?post=106116"}],"version-history":[{"count":2,"href":"https:\/\/rdnews.al\/index.php\/wp-json\/wp\/v2\/posts\/106116\/revisions"}],"predecessor-version":[{"id":106119,"href":"https:\/\/rdnews.al\/index.php\/wp-json\/wp\/v2\/posts\/106116\/revisions\/106119"}],"wp:featuredmedia":[{"embeddable":true,"href":"https:\/\/rdnews.al\/index.php\/wp-json\/wp\/v2\/media\/106117"}],"wp:attachment":[{"href":"https:\/\/rdnews.al\/index.php\/wp-json\/wp\/v2\/media?parent=106116"}],"wp:term":[{"taxonomy":"category","embeddable":true,"href":"https:\/\/rdnews.al\/index.php\/wp-json\/wp\/v2\/categories?post=106116"},{"taxonomy":"post_tag","embeddable":true,"href":"https:\/\/rdnews.al\/index.php\/wp-json\/wp\/v2\/tags?post=106116"}],"curies":[{"name":"wp","href":"https:\/\/api.w.org\/{rel}","templated":true}]}}