{"id":106123,"date":"2025-02-28T19:18:37","date_gmt":"2025-02-28T19:18:37","guid":{"rendered":"https:\/\/rdnews.al\/?p=106123"},"modified":"2025-02-28T19:18:37","modified_gmt":"2025-02-28T19:18:37","slug":"berisha-paketa-jone-e-emergjences-do-zhduke-varferine-e-skajshme-ne-shqiperi-brenda-tre-muajve-te-pare","status":"publish","type":"post","link":"https:\/\/rdnews.al\/index.php\/2025\/02\/28\/berisha-paketa-jone-e-emergjences-do-zhduke-varferine-e-skajshme-ne-shqiperi-brenda-tre-muajve-te-pare\/","title":{"rendered":"Berisha: Paketa jon\u00eb e emergjenc\u00ebs do zhduk\u00eb varf\u00ebrin\u00eb e skajshme n\u00eb Shqip\u00ebri brenda tre muajve t\u00eb par\u00eb"},"content":{"rendered":"<p>Lideri i opozit\u00ebs, Sali Berisha, u shpreh se, Partia Demokratike ka gati programin, planin p\u00ebr t\u00eb zhdukur varf\u00ebrin\u00eb e tejskajshme n\u00eb Shqip\u00ebri brenda 3 muajve t\u00eb par\u00eb.<\/p>\n<p>Sipas Berish\u00ebs, kjo \u00ebsht\u00eb vet\u00ebm paketa e emergjenc\u00ebs s\u00eb PD-s\u00eb i shpreh se, \u2018minimumi jetik do t\u00eb jet\u00eb 200 euro. rroga minimale, si fillim 500 euro. Pasojat e rritjes s\u00eb rrog\u00ebs minimale, do kompensohet me uljen e taksave. Por qytetar\u00ebt do marrin nj\u00eb rrog\u00eb p\u00ebr t\u00eb p\u00ebrballuar jet\u00ebn.<\/p>\n<p>\u201cPra \u00ebsht\u00eb nj\u00eb shoq\u00ebri me nj\u00eb hendek t\u00eb tmerrsh\u00ebm.<\/p>\n<p>Nj\u00eb shoq\u00ebri, e cila \u00ebsht\u00eb n\u00eb fakt n\u00eb shp\u00ebrb\u00ebrje n\u00eb k\u00ebt\u00eb gjendje.<\/p>\n<p>Ndaj dhe ne po p\u00ebrgatisim paket\u00ebn e emergjenc\u00ebs, e cila tre muajt e par\u00eb do t\u00eb zhduk\u00eb varf\u00ebrin\u00eb e skajshme nga Shqip\u00ebria.<\/p>\n<p>Varf\u00ebrin\u00eb e skajshme, \u00e7do vend i lir\u00eb, i grupit t\u00eb vendeve me t\u00eb ardhura si ne, e ka zhdukur.<\/p>\n<p>Nuk e pranon, e p\u00ebrjashton nga shoq\u00ebria. Si e p\u00ebrjashton? Duke dh\u00ebn\u00eb para, duke paguar, duke shp\u00ebrndar\u00eb m\u00eb mir\u00eb t\u00eb ardhurat.<\/p>\n<p>Shum\u00eb thjesht, do i jap\u00ebsh qytetarit at\u00eb mb\u00ebshtetje, at\u00eb pension, at\u00eb ndihm\u00eb ekonomike q\u00eb e mbron nga varf\u00ebria ekstreme.<\/p>\n<p>Ndaj dhe ne, 3 muajt e par\u00eb do vendosim minimumin jetik 200 euro.<\/p>\n<p>Nuk \u00ebsht\u00eb nj\u00eb shum\u00eb e madhe, por shoq\u00ebria n\u00eb Shqip\u00ebri nuk ka m\u00eb varf\u00ebri ekstreme me k\u00ebt\u00eb.<\/p>\n<p>Sot duhet ta dim\u00eb, 57 p\u00ebrqind e pensioneve jan\u00eb t\u00eb pjesshme. Tani nuk ka, tani ka minimum jetik 200 euro.<\/p>\n<p>Ka rritje t\u00eb pensionit mbi 200 euro me 20 p\u00ebrqind.<\/p>\n<p>A \u00ebsht\u00eb kjo tamam? Jo, nuk \u00ebsht\u00eb tamam kjo. Se ai q\u00eb \u00ebsht\u00eb me 200 euro, nuk ka pse t\u00eb blej\u00eb kafshat\u00ebn me t\u00eb nj\u00ebjtin \u00e7mim si ai me 2 mij\u00eb euro.<\/p>\n<p>Ai do ket\u00eb kart\u00ebn e konsumatorit me t\u00eb cil\u00ebn do i kthehet mbrapsht e gjith\u00eb TVSH-ja q\u00eb i paguhet p\u00ebr ushqimet, 20 p\u00ebrqind.<\/p>\n<p>Pra, nuk do marr\u00eb bonuse q\u00eb thot\u00eb ky, jo mo jo, kjo kart\u00eb \u00ebsht\u00eb e barabart\u00eb me tre pensione n\u00eb vite.<\/p>\n<p>Pensionist\u00ebt pra do ken\u00eb edhe kart\u00ebn e konsumatorit.<\/p>\n<p>Lista e rimbursimeve do p\u00ebsoj\u00eb ndryshime absolutisht bazuar totalisht n\u00eb nevojat dhe k\u00ebrkesat e tyre.<\/p>\n<p>Sigurisht ata kan\u00eb m\u00eb shum\u00eb nevoj\u00eb p\u00ebr ila\u00e7e. Ata kan\u00eb nevoj\u00eb p\u00ebr shum\u00ebllojshm\u00ebri ila\u00e7esh.<\/p>\n<p>Ajo list\u00eb do rishqyrtohet dhe do plot\u00ebsohet me urgjenc\u00eb. Me rimbursim t\u00eb plot\u00eb!<\/p>\n<p>Sot, ka pensionist\u00eb q\u00eb as ila\u00e7et e dy jav\u00ebve nuk i blejn\u00eb dot me pension. \u00c7far\u00eb b\u00ebn ai? Nuk mjekohet. Ai rri n\u00eb m\u00ebshir\u00eb t\u00eb fatit. T\u00eb shkoj\u00eb sa t\u00eb shkoj\u00eb. Kjo merr fund.<\/p>\n<p>Askush t\u00eb mos ket\u00eb as dyshimin dhe as shqet\u00ebsimin m\u00eb t\u00eb vog\u00ebl p\u00ebr fondet. Fondet jan\u00eb q\u00eb t\u00eb gjitha.<\/p>\n<p>Ne nuk do kemi buxhet 8 miliard\u00eb se ne do ia l\u00ebm\u00eb biznesit. Ne do ulim taksat. Por ne me 4 miliard\u00eb q\u00eb e kishim buxhetin dyfishuam rroga dhe pensione dhe nd\u00ebrtuam at\u00eb infrastruktur\u00eb q\u00eb nd\u00ebrtuam.<\/p>\n<p>Natyrisht skema e pensioneve ka domosdoshm\u00ebri t\u00eb reformohet, t\u00eb konsolidohet. Kolona e dyt\u00eb, kolona e tret\u00eb dhe me radh\u00eb.<\/p>\n<p>Por ky \u00ebsht\u00eb nj\u00eb proces disavje\u00e7ar, shum\u00ebvje\u00e7ar.<\/p>\n<p>Ne nuk do presim frytet e asaj. Jo, ne do shp\u00ebrndajm\u00eb t\u00eb ardhurat buxhetore duke vendosur qytetarin t\u00eb parin.<\/p>\n<p>Rrog\u00ebn minimale, si fillim 500 euro. Do shkoj\u00eb drejt rritjes. Pasojat e rritjes s\u00eb rrog\u00ebs minimale, do kompensohet me uljen e taksave. Por qytetar\u00ebt do marrin nj\u00eb rrog\u00eb p\u00ebr t\u00eb p\u00ebrballuar jet\u00ebn.<\/p>\n<p>\u00c7mimi i energjis\u00eb p\u00ebr pensionist\u00ebt dhe n\u00eb t\u00ebr\u00ebsi do jet\u00eb 7 lek\u00eb.<\/p>\n<p>Qirat\u00eb e nd\u00ebrtesave sociale. Nj\u00eb pensionist deklaronte nj\u00eb dit\u00eb, q\u00eb un\u00eb marr 130 mij\u00eb lek\u00eb pensionin, 62 mij\u00eb lek\u00eb i l\u00eb qira n\u00eb banes\u00ebn sociale. Imagjinoni ju si e mbyll muajin ky pensionist? Kjo merr fund. do jen\u00eb simbolike. Nuk them q\u00eb do jen\u00eb zero, por do jen\u00eb absolutisht simbolike.<\/p>\n<p>N\u00eb k\u00ebt\u00eb m\u00ebnyr\u00eb ne \u00e7lirojm\u00eb shoq\u00ebrin\u00eb nga dhimbjet e skamjes\u201d, u shpreh Berisha.<\/p>\n","protected":false},"excerpt":{"rendered":"<p>Lideri i opozit\u00ebs, Sali Berisha, u shpreh se, Partia Demokratike ka gati programin, planin p\u00ebr t\u00eb zhdukur varf\u00ebrin\u00eb e tejskajshme n\u00eb Shqip\u00ebri brenda 3 muajve t\u00eb par\u00eb. Sipas Berish\u00ebs, kjo \u00ebsht\u00eb vet\u00ebm paketa e emergjenc\u00ebs s\u00eb PD-s\u00eb i shpreh se, \u2018minimumi jetik do t\u00eb jet\u00eb 200 euro. rroga minimale, si fillim 500 euro. Pasojat e &hellip;<\/p>\n","protected":false},"author":4,"featured_media":106124,"comment_status":"closed","ping_status":"closed","sticky":false,"template":"","format":"standard","meta":{"footnotes":""},"categories":[37],"tags":[],"class_list":["post-106123","post","type-post","status-publish","format-standard","has-post-thumbnail","","category-politike"],"_links":{"self":[{"href":"https:\/\/rdnews.al\/index.php\/wp-json\/wp\/v2\/posts\/106123","targetHints":{"allow":["GET"]}}],"collection":[{"href":"https:\/\/rdnews.al\/index.php\/wp-json\/wp\/v2\/posts"}],"about":[{"href":"https:\/\/rdnews.al\/index.php\/wp-json\/wp\/v2\/types\/post"}],"author":[{"embeddable":true,"href":"https:\/\/rdnews.al\/index.php\/wp-json\/wp\/v2\/users\/4"}],"replies":[{"embeddable":true,"href":"https:\/\/rdnews.al\/index.php\/wp-json\/wp\/v2\/comments?post=106123"}],"version-history":[{"count":1,"href":"https:\/\/rdnews.al\/index.php\/wp-json\/wp\/v2\/posts\/106123\/revisions"}],"predecessor-version":[{"id":106125,"href":"https:\/\/rdnews.al\/index.php\/wp-json\/wp\/v2\/posts\/106123\/revisions\/106125"}],"wp:featuredmedia":[{"embeddable":true,"href":"https:\/\/rdnews.al\/index.php\/wp-json\/wp\/v2\/media\/106124"}],"wp:attachment":[{"href":"https:\/\/rdnews.al\/index.php\/wp-json\/wp\/v2\/media?parent=106123"}],"wp:term":[{"taxonomy":"category","embeddable":true,"href":"https:\/\/rdnews.al\/index.php\/wp-json\/wp\/v2\/categories?post=106123"},{"taxonomy":"post_tag","embeddable":true,"href":"https:\/\/rdnews.al\/index.php\/wp-json\/wp\/v2\/tags?post=106123"}],"curies":[{"name":"wp","href":"https:\/\/api.w.org\/{rel}","templated":true}]}}