{"id":106126,"date":"2025-02-28T19:26:55","date_gmt":"2025-02-28T19:26:55","guid":{"rendered":"https:\/\/rdnews.al\/?p=106126"},"modified":"2025-02-28T19:28:08","modified_gmt":"2025-02-28T19:28:08","slug":"berisha-fton-qytetaret-te-punojme-keto-dite-qe-na-kane-mbetur-qe-me-11-maj-te-ndahemi-me-kete-te-keqe-te-madhe","status":"publish","type":"post","link":"https:\/\/rdnews.al\/index.php\/2025\/02\/28\/berisha-fton-qytetaret-te-punojme-keto-dite-qe-na-kane-mbetur-qe-me-11-maj-te-ndahemi-me-kete-te-keqe-te-madhe\/","title":{"rendered":"Berisha fton qytetar\u00ebt: T\u00eb punojm\u00eb k\u00ebto dit\u00eb q\u00eb na kan\u00eb mbetur q\u00eb m\u00eb 11 maj t\u00eb ndahemi me k\u00ebt\u00eb t\u00eb keqe t\u00eb madhe"},"content":{"rendered":"<p>Kryetari i PD, Sali Berisha i ka ftuar qytetar\u00ebt q\u00eb t\u00eb b\u00ebhen bashk\u00eb dhe t\u00eb punojn\u00eb deri n\u00eb 11 maj, q\u00eb t\u00eb ndahemi nga kjo e keqe e madhe q\u00eb ka z\u00ebn\u00eb Shqip\u00ebrin\u00eb.<\/p>\n<p>N\u00eb fjal\u00ebn e mbajtur gjat\u00eb prezantimit t\u00eb programit qeveris\u00ebs t\u00eb PD-s\u00eb, 2025-2029 p\u00ebr \u00e7\u00ebshtjet sociale dhe pun\u00ebs u shpreh se \u2018\u00ebsht\u00eb koha, t\u00eb dashur qytetar\u00eb, m\u00eb 11 maj, t\u00eb ndahemi me k\u00ebt\u00eb t\u00eb keqe t\u00eb madhe. Dhe un\u00eb garantoj se me p\u00ebrpar\u00ebsi absolute, kjo paket\u00eb do zbatohet.<\/p>\n<p>\u201cNe do b\u00ebjm\u00eb gjith\u00e7ka p\u00ebr suksesin e biznesit, sepse fitorja e k\u00ebsaj beteje varet nga suksesi i biznesit.<\/p>\n<p>Ju duhet ta dini se ka tre vite rresht q\u00eb prodhimi bie nga viti n\u00eb vit. Fatale!<\/p>\n<p>Nga viti 2023-2024, eksportet jan\u00eb ulur 32 p\u00ebrqind.<\/p>\n<p>Por eksportet jan\u00eb prodhim, jan\u00eb pun\u00ebsim.<\/p>\n<p>Jan\u00eb sektor\u00eb q\u00eb pun\u00ebsojn\u00eb m\u00eb shum\u00eb, jan\u00eb sektor\u00eb q\u00eb prodhojn\u00eb m\u00eb shum\u00eb.<\/p>\n<p>32 p\u00ebrqind. Pse? Nga narkoeurot e narkotrafikant\u00ebve, e klubit Rama, e kreut t\u00eb organizat\u00ebs kriminale, t\u00eb cilat futen me kontejner\u00eb, shnd\u00ebrrohen n\u00eb kulla. Kullat me \u00e7mime m\u00eb t\u00eb larta se n\u00eb Lond\u00ebr dhe Paris, rrisin dhe qirat\u00eb n\u00eb stratosfer\u00eb, i shnd\u00ebrrojn\u00eb n\u00eb moll\u00eb t\u00eb ndaluar dhe zhvler\u00ebsojn\u00eb euron q\u00eb u vjen nga jasht\u00eb pensionist\u00ebve me 38-40 p\u00ebrqind.<\/p>\n<p>Pra, situat\u00eb alarmante, emergjente dhe ne kemi vullnetin e hekurt p\u00ebr ta p\u00ebrmbysur k\u00ebt\u00eb situat\u00eb tre muajt e par\u00eb. Buxheti i par\u00eb.<\/p>\n<p>Buxheti i par\u00eb do parashikoj\u00eb k\u00ebt\u00eb paket\u00eb dhe do e implementoj\u00eb k\u00ebt\u00eb paket\u00eb.<\/p>\n<p>Askush t\u00eb mos ket\u00eb asnj\u00eb iluzion se do mbeten pun\u00eb publike pa kryer. Jo, absolutisht, do kryhen dhe shum\u00eb m\u00eb tep\u00ebr.<\/p>\n<p>Por natyrisht me t\u00eb cilat i b\u00ebn Kroacia, Sllovenia, q\u00eb i b\u00ebjn\u00eb vendet e BE, jo me \u00e7mime 14 kontrata p\u00ebr 13 km rrug\u00eb.<\/p>\n<p>\u00cbsht\u00eb nj\u00eb largim i madh shum\u00eb.<\/p>\n<p>K\u00ebta drejtues, k\u00ebta qeveritar\u00eb jan\u00eb shfrenuar totalisht n\u00eb raport me problematikat e qytetar\u00ebve.<\/p>\n<p>N\u00eb qoft\u00eb se ti si kryeminist\u00ebr t\u00eb mbijn\u00eb sarajet 57 met\u00ebr t\u00eb gjata themelet me oborr 8 mij\u00eb metra, duke pasur t\u00eb treguara n\u00eb ILDKP gjithsej 3800 euro dhe 400 mij\u00eb lek\u00eb, ti erresh dhe zgjohesh n\u00eb shpell\u00eb hajduti. Ajo sht\u00ebpi \u00ebsht\u00eb sht\u00ebpia e hajdutit.<\/p>\n<p>Ti mendon se merr aj\u00ebr t\u00eb past\u00ebr aty, por shpirti nuk t\u00eb gjen kurr\u00eb qet\u00ebsin\u00eb sepse e ke nd\u00ebrtuar pik\u00ebrisht me k\u00ebto pensione q\u00eb ke vjedhur, e ke nd\u00ebrtuar pik\u00ebrisht mbi djers\u00ebn e k\u00ebtyre njer\u00ebzve.<\/p>\n<p>Dhe u thua pastaj se fajin e kan\u00eb k\u00ebta q\u00eb mbajn\u00eb pun\u00ebtor\u00eb n\u00eb t\u00eb zi. E gjith\u00eb administrata \u00ebsht\u00eb n\u00eb t\u00eb zi. Debitori kryesor i fondit t\u00eb sigurimeve shoq\u00ebrore \u00ebsht\u00eb administrata e Edi Ram\u00ebs.<\/p>\n<p>Jasht\u00eb \u00e7do lloj koncepti. K\u00ebtej u thot\u00eb pensionist\u00ebve ju i mbani pun\u00ebtor\u00ebt n\u00eb t\u00eb zi, ky mban administrat\u00ebn n\u00eb t\u00eb zi.<\/p>\n<p>Pra, t\u00eb gjitha k\u00ebto k\u00ebrkojn\u00eb nj\u00eb nd\u00ebrhyrje t\u00eb fort\u00eb, t\u00eb cil\u00ebn ne jemi t\u00eb p\u00ebrgatitur ta b\u00ebjm\u00eb me shum\u00eb sukses.<\/p>\n<p>Ndaj me k\u00ebt\u00eb rast, un\u00eb ftoj \u00e7do pensioniste dhe pensionist, ftoj \u00e7do rrog\u00ebtar t\u00eb k\u00ebtij vendi, \u00e7do rrog\u00ebul\u00ebt, \u00e7do rrog\u00ebtar me rrog\u00eb t\u00eb mesme, \u00e7do t\u00eb ri, q\u00eb t\u00eb punojm\u00eb k\u00ebto 70 dit\u00eb q\u00eb kan\u00eb mbetur nga 11 maji dhe t\u00eb ndahemi me k\u00ebt\u00eb t\u00eb keqe t\u00eb pakrahasueshme.<\/p>\n<p>Shum\u00eb nga ju e dini, Enver Hoxha n\u00eb diktatur\u00eb, edhe ai mbante pensionet, por ai \u00e7mimet nuk i rriste ama, ose rritje shum\u00eb e leht\u00eb. Rrogat dhe pensionet i mbante t\u00eb fiksuara. Parat\u00eb i fuste n\u00eb tunele dhe bunkere.<\/p>\n<p>K\u00ebta bunkere dhe tunele nuk nd\u00ebrtojn\u00eb, por k\u00ebta i fusin n\u00eb konto offshore, k\u00ebta i shnd\u00ebrrojn\u00eb n\u00eb vila, n\u00eb hotele, n\u00eb pallate, n\u00eb pasuri t\u00eb tyre.<\/p>\n<p>Ka nj\u00eb dallim k\u00ebtu, diktatori m\u00eb gjak\u00ebsor n\u00eb Europ\u00eb pas Luft\u00ebs s\u00eb Dyt\u00eb Bot\u00ebrore, vil\u00ebn nuk e regjistroi p\u00ebr familjen e tij. Jo, e nd\u00ebrtoi, ia mori pron\u00ebn tjetrit, e nd\u00ebrtoi n\u00eb pron\u00eb t\u00eb tjetrit, por n\u00eb dokumente nuk u regjistrua si pron\u00eb e familjes s\u00eb tij.<\/p>\n<p>Kurse k\u00ebta, absolutisht haptas dhe fshehtas, me emra false, nuk ka njer\u00ebz m\u00eb t\u00eb pasur se k\u00ebta sot.<\/p>\n<p>Ndaj dhe \u00ebsht\u00eb koha, t\u00eb dashur qytetar\u00eb, m\u00eb 11 maj, t\u00eb ndahemi me k\u00ebt\u00eb t\u00eb keqe t\u00eb madhe.<\/p>\n<p>Dhe un\u00eb garantoj se me p\u00ebrpar\u00ebsi absolute, kjo paket\u00eb do zbatohet.<\/p>\n<p>Sikund\u00ebr nj\u00eb paket\u00eb po kaq e fuqishme do jet\u00eb p\u00ebr biznesin. Nj\u00eb paket\u00eb tjet\u00ebr do jet\u00eb p\u00ebr fermer\u00ebt.<\/p>\n<p>Dhe pas tyre, Shqip\u00ebria Madh\u00ebshtore, Shqip\u00ebria epiqend\u00ebr e hightech-ut n\u00eb rajon do jet\u00eb q\u00ebllimi yn\u00eb\u201d, u shpreh Berisha.<\/p>\n","protected":false},"excerpt":{"rendered":"<p>Kryetari i PD, Sali Berisha i ka ftuar qytetar\u00ebt q\u00eb t\u00eb b\u00ebhen bashk\u00eb dhe t\u00eb punojn\u00eb deri n\u00eb 11 maj, q\u00eb t\u00eb ndahemi nga kjo e keqe e madhe q\u00eb ka z\u00ebn\u00eb Shqip\u00ebrin\u00eb. N\u00eb fjal\u00ebn e mbajtur gjat\u00eb prezantimit t\u00eb programit qeveris\u00ebs t\u00eb PD-s\u00eb, 2025-2029 p\u00ebr \u00e7\u00ebshtjet sociale dhe pun\u00ebs u shpreh se \u2018\u00ebsht\u00eb koha, &hellip;<\/p>\n","protected":false},"author":4,"featured_media":106129,"comment_status":"closed","ping_status":"closed","sticky":false,"template":"","format":"standard","meta":{"footnotes":""},"categories":[37],"tags":[],"class_list":["post-106126","post","type-post","status-publish","format-standard","has-post-thumbnail","","category-politike"],"_links":{"self":[{"href":"https:\/\/rdnews.al\/index.php\/wp-json\/wp\/v2\/posts\/106126","targetHints":{"allow":["GET"]}}],"collection":[{"href":"https:\/\/rdnews.al\/index.php\/wp-json\/wp\/v2\/posts"}],"about":[{"href":"https:\/\/rdnews.al\/index.php\/wp-json\/wp\/v2\/types\/post"}],"author":[{"embeddable":true,"href":"https:\/\/rdnews.al\/index.php\/wp-json\/wp\/v2\/users\/4"}],"replies":[{"embeddable":true,"href":"https:\/\/rdnews.al\/index.php\/wp-json\/wp\/v2\/comments?post=106126"}],"version-history":[{"count":1,"href":"https:\/\/rdnews.al\/index.php\/wp-json\/wp\/v2\/posts\/106126\/revisions"}],"predecessor-version":[{"id":106128,"href":"https:\/\/rdnews.al\/index.php\/wp-json\/wp\/v2\/posts\/106126\/revisions\/106128"}],"wp:featuredmedia":[{"embeddable":true,"href":"https:\/\/rdnews.al\/index.php\/wp-json\/wp\/v2\/media\/106129"}],"wp:attachment":[{"href":"https:\/\/rdnews.al\/index.php\/wp-json\/wp\/v2\/media?parent=106126"}],"wp:term":[{"taxonomy":"category","embeddable":true,"href":"https:\/\/rdnews.al\/index.php\/wp-json\/wp\/v2\/categories?post=106126"},{"taxonomy":"post_tag","embeddable":true,"href":"https:\/\/rdnews.al\/index.php\/wp-json\/wp\/v2\/tags?post=106126"}],"curies":[{"name":"wp","href":"https:\/\/api.w.org\/{rel}","templated":true}]}}