{"id":106135,"date":"2025-02-28T21:19:28","date_gmt":"2025-02-28T21:19:28","guid":{"rendered":"https:\/\/rdnews.al\/?p=106135"},"modified":"2025-02-28T21:36:06","modified_gmt":"2025-02-28T21:36:06","slug":"berisha-nese-fitoj-nuk-e-shkrij-spak-do-konsultohem-me-venecian","status":"publish","type":"post","link":"https:\/\/rdnews.al\/index.php\/2025\/02\/28\/berisha-nese-fitoj-nuk-e-shkrij-spak-do-konsultohem-me-venecian\/","title":{"rendered":"Berisha: P\u00ebr institucionin e SPAK do t\u00eb konsultohem me Venecian"},"content":{"rendered":"<p>Lideri i opozit\u00ebs, Sali Berisha u pyet n\u00eb emisionin \u201cZon\u00eb e Lir\u00eb\u201d n\u00eb lidhje me deklarat\u00ebn e tij t\u00eb disa dit\u00ebve m\u00eb par\u00eb n\u00eb lidhje me shkrirjen e SPAK pas zgjedhjeve t\u00eb 11 majit, n\u00ebse opozita fiton.<\/p>\n<p>Berisha tha se, nuk ka pasur nd\u00ebrmend asgj\u00ebsimin e institucionit t\u00eb akuz\u00ebs, por do t\u2019i drejtohet Komisionit t\u00eb Venecias n\u00eb lidhje me at\u00eb q\u00eb e quajti \u201ckarakteri politik i prokuroris\u00eb\u201d.<\/p>\n<p>\u201cNuk kam pasur kurr\u00eb nd\u00ebrmend asgj\u00ebsimin e nj\u00eb institucioni t\u00eb r\u00ebnd\u00ebsish\u00ebm akuze. Por prokuroria politike \u00ebsht\u00eb prokurori diktature. Ne kemi jetuar n\u00eb diktatur\u00eb dhe e nj\u00ebjta prokurori q\u00eb d\u00ebnonte kund\u00ebrshtar\u00ebt, d\u00ebnonte edhe ordiner\u00ebt. N\u00ebse d\u00ebnohen me fakte, prova dhe dokumente.<\/p>\n<p>Kjo prokurori nuk ka kontroll. Askush nuk e kontrollon. Un\u00eb e kam fjal\u00ebn p\u00ebr kontroll institucional. Kjo prokurori ka nj\u00eb problem t\u00eb tmerrsh\u00ebm, kontrollon telefonat e gjykat\u00ebsve ku d\u00ebrgon dosjet. N\u00eb aplikacionet e mia vijn\u00eb mesazhe t\u00eb aferave q\u00eb nuk kan\u00eb asnj\u00eb pun\u00eb t\u00eb gjykat\u00ebsve. Nuk duhet kurrsesi q\u00eb k\u00ebta t\u00eb ken\u00eb fuqi t\u00eb ndjekjes dhe persekutimit t\u00eb gjykat\u00ebsve q\u00eb \u00e7ojn\u00eb dosjet. K\u00ebto duhen ndryshuar. Por, duhen ndryshuar n\u00eb m\u00ebnyr\u00eb t\u00eb shpejt\u00eb. At\u00ebher\u00eb un\u00eb bashkoj votat me Komisionin e Venecias. Un\u00eb do t\u2019u them; hajde b\u00ebjm\u00eb nj\u00eb bilanc. Jan\u00eb 150 mij\u00eb dosje. 62% e popullat\u00ebs s\u00eb burgjeve \u00ebsht\u00eb n\u00eb paraburgim. Jan\u00eb disa gj\u00ebra q\u00eb kjo reform\u00eb k\u00ebrkoi nd\u00ebrhyrje emergjente. Shmanget karakteri politik i prokuroris\u00eb.<\/p>\n<p>Ne kemi pasur Prokurori t\u00eb Krimeve t\u00eb R\u00ebnda dhe Task Force, por kan\u00eb qen\u00eb t\u00eb gjitha n\u00ebn kontrollin institucional. Nuk kthehemi te ai sistem\u201d, tha Berisha.<\/p>\n","protected":false},"excerpt":{"rendered":"<p>Lideri i opozit\u00ebs, Sali Berisha u pyet n\u00eb emisionin \u201cZon\u00eb e Lir\u00eb\u201d n\u00eb lidhje me deklarat\u00ebn e tij t\u00eb disa dit\u00ebve m\u00eb par\u00eb n\u00eb lidhje me shkrirjen e SPAK pas zgjedhjeve t\u00eb 11 majit, n\u00ebse opozita fiton. Berisha tha se, nuk ka pasur nd\u00ebrmend asgj\u00ebsimin e institucionit t\u00eb akuz\u00ebs, por do t\u2019i drejtohet Komisionit t\u00eb &hellip;<\/p>\n","protected":false},"author":4,"featured_media":106136,"comment_status":"closed","ping_status":"closed","sticky":false,"template":"","format":"standard","meta":{"footnotes":""},"categories":[37],"tags":[],"class_list":["post-106135","post","type-post","status-publish","format-standard","has-post-thumbnail","","category-politike"],"_links":{"self":[{"href":"https:\/\/rdnews.al\/index.php\/wp-json\/wp\/v2\/posts\/106135","targetHints":{"allow":["GET"]}}],"collection":[{"href":"https:\/\/rdnews.al\/index.php\/wp-json\/wp\/v2\/posts"}],"about":[{"href":"https:\/\/rdnews.al\/index.php\/wp-json\/wp\/v2\/types\/post"}],"author":[{"embeddable":true,"href":"https:\/\/rdnews.al\/index.php\/wp-json\/wp\/v2\/users\/4"}],"replies":[{"embeddable":true,"href":"https:\/\/rdnews.al\/index.php\/wp-json\/wp\/v2\/comments?post=106135"}],"version-history":[{"count":2,"href":"https:\/\/rdnews.al\/index.php\/wp-json\/wp\/v2\/posts\/106135\/revisions"}],"predecessor-version":[{"id":106142,"href":"https:\/\/rdnews.al\/index.php\/wp-json\/wp\/v2\/posts\/106135\/revisions\/106142"}],"wp:featuredmedia":[{"embeddable":true,"href":"https:\/\/rdnews.al\/index.php\/wp-json\/wp\/v2\/media\/106136"}],"wp:attachment":[{"href":"https:\/\/rdnews.al\/index.php\/wp-json\/wp\/v2\/media?parent=106135"}],"wp:term":[{"taxonomy":"category","embeddable":true,"href":"https:\/\/rdnews.al\/index.php\/wp-json\/wp\/v2\/categories?post=106135"},{"taxonomy":"post_tag","embeddable":true,"href":"https:\/\/rdnews.al\/index.php\/wp-json\/wp\/v2\/tags?post=106135"}],"curies":[{"name":"wp","href":"https:\/\/api.w.org\/{rel}","templated":true}]}}