{"id":106143,"date":"2025-03-01T09:27:53","date_gmt":"2025-03-01T09:27:53","guid":{"rendered":"https:\/\/rdnews.al\/?p=106143"},"modified":"2025-03-01T09:27:53","modified_gmt":"2025-03-01T09:27:53","slug":"nis-procesi-i-primareve-ne-pd-per-perzgjedhjen-e-kandidateve-per-deputete","status":"publish","type":"post","link":"https:\/\/rdnews.al\/index.php\/2025\/03\/01\/nis-procesi-i-primareve-ne-pd-per-perzgjedhjen-e-kandidateve-per-deputete\/","title":{"rendered":"Nis procesi i Primareve n\u00eb PD p\u00ebr p\u00ebrzgjedhjen e kandidat\u00ebve p\u00ebr deputet\u00eb"},"content":{"rendered":"<p>Ka filluar procesi i votimit p\u00ebr primaret p\u00ebr p\u00ebrzgjedhjen e kandidat\u00ebve p\u00ebr deputet\u00eb t\u00eb Partis\u00eb Demokratike, n\u00eb kuad\u00ebr t\u00eb zgjedhjeve parlamentare t\u00eb 11 majit.<\/p>\n<p>Procesi i votimit filloi normalisht n\u00eb 08:00 n\u00eb te gjitha q\u00ebndrat e votimit dhe do t\u00eb p\u00ebrfundoj\u00eb n\u00eb or\u00ebn 18:00. N\u00eb qarkun e Kor\u00e7\u00ebs jan\u00eb 19 kandidat\u00eb, p\u00ebr t\u00eb cil\u00ebt do t\u00eb votohet p\u00ebr t\u00eb zgjedhur t\u00eb preferuarin nga ana e demokrat\u00ebve.<\/p>\n<p>M\u00ebnyra e votimit \u00ebsht\u00eb nj\u00eb an\u00ebtar, nj\u00eb vot\u00eb.<\/p>\n","protected":false},"excerpt":{"rendered":"<p>Ka filluar procesi i votimit p\u00ebr primaret p\u00ebr p\u00ebrzgjedhjen e kandidat\u00ebve p\u00ebr deputet\u00eb t\u00eb Partis\u00eb Demokratike, n\u00eb kuad\u00ebr t\u00eb zgjedhjeve parlamentare t\u00eb 11 majit. Procesi i votimit filloi normalisht n\u00eb 08:00 n\u00eb te gjitha q\u00ebndrat e votimit dhe do t\u00eb p\u00ebrfundoj\u00eb n\u00eb or\u00ebn 18:00. N\u00eb qarkun e Kor\u00e7\u00ebs jan\u00eb 19 kandidat\u00eb, p\u00ebr t\u00eb cil\u00ebt do &hellip;<\/p>\n","protected":false},"author":4,"featured_media":106106,"comment_status":"closed","ping_status":"closed","sticky":false,"template":"","format":"standard","meta":{"footnotes":""},"categories":[37],"tags":[],"class_list":["post-106143","post","type-post","status-publish","format-standard","has-post-thumbnail","","category-politike"],"_links":{"self":[{"href":"https:\/\/rdnews.al\/index.php\/wp-json\/wp\/v2\/posts\/106143","targetHints":{"allow":["GET"]}}],"collection":[{"href":"https:\/\/rdnews.al\/index.php\/wp-json\/wp\/v2\/posts"}],"about":[{"href":"https:\/\/rdnews.al\/index.php\/wp-json\/wp\/v2\/types\/post"}],"author":[{"embeddable":true,"href":"https:\/\/rdnews.al\/index.php\/wp-json\/wp\/v2\/users\/4"}],"replies":[{"embeddable":true,"href":"https:\/\/rdnews.al\/index.php\/wp-json\/wp\/v2\/comments?post=106143"}],"version-history":[{"count":1,"href":"https:\/\/rdnews.al\/index.php\/wp-json\/wp\/v2\/posts\/106143\/revisions"}],"predecessor-version":[{"id":106144,"href":"https:\/\/rdnews.al\/index.php\/wp-json\/wp\/v2\/posts\/106143\/revisions\/106144"}],"wp:featuredmedia":[{"embeddable":true,"href":"https:\/\/rdnews.al\/index.php\/wp-json\/wp\/v2\/media\/106106"}],"wp:attachment":[{"href":"https:\/\/rdnews.al\/index.php\/wp-json\/wp\/v2\/media?parent=106143"}],"wp:term":[{"taxonomy":"category","embeddable":true,"href":"https:\/\/rdnews.al\/index.php\/wp-json\/wp\/v2\/categories?post=106143"},{"taxonomy":"post_tag","embeddable":true,"href":"https:\/\/rdnews.al\/index.php\/wp-json\/wp\/v2\/tags?post=106143"}],"curies":[{"name":"wp","href":"https:\/\/api.w.org\/{rel}","templated":true}]}}