{"id":106145,"date":"2025-03-01T09:35:21","date_gmt":"2025-03-01T09:35:21","guid":{"rendered":"https:\/\/rdnews.al\/?p=106145"},"modified":"2025-03-01T09:35:21","modified_gmt":"2025-03-01T09:35:21","slug":"berisha-roli-i-amerikes-ne-europe-eshte-jetik","status":"publish","type":"post","link":"https:\/\/rdnews.al\/index.php\/2025\/03\/01\/berisha-roli-i-amerikes-ne-europe-eshte-jetik\/","title":{"rendered":"Berisha: Roli i Amerik\u00ebs n\u00eb Europ\u00eb \u00ebsht\u00eb jetik!"},"content":{"rendered":"<p>Kryetari i Partis\u00eb Demokratike, Sali Berisha n\u00eb nj\u00eb dalje televizive foli p\u00ebr debatet mes Tump dhe Zelensky n\u00eb takimin n\u00eb Sht\u00ebpin\u00eb e Bardh\u00eb.<\/p>\n<p>Berisha u shpre\u00ebh se, roli i Amerik\u00ebs n\u00eb Europ\u00eb \u00ebsht\u00eb jetik, prania e saj \u00ebsht\u00eb p\u00ebr sigurin\u00eb e kontinentit.<\/p>\n<p>Berisha vijoi duke th\u00ebn\u00eb se n\u00ebse s\u2019do ishte SHBA-ja e pranishme n\u00eb NATO, tanket ruse n\u00eb Europ\u00eb nuk dihet se ku do ishin.<\/p>\n<p>\u201cRikthimi i Trump p\u00ebrb\u00ebn ndryshimin m\u00eb t\u00eb madh n\u00eb bot\u00eb pas r\u00ebnies s\u00eb perdes s\u00eb hekurt. \u00c7do 25-30 vite, bota gjendet para ndryshimeve q\u00eb shum\u00eb pak kush i parashikon. Trump i deklaroi kombit amerikan dhe bot\u00ebs q\u00eb armiku num\u00ebr nj\u00eb i Shteteve t\u00eb bashkuara \u00ebsht\u00eb armiku i brendsh\u00ebm. Ai b\u00ebri deklarat\u00ebn m\u00eb kurajoze t\u00eb jet\u00ebs s\u00eb tij. Ai u tha q\u00eb ju duhet t\u00eb \u00e7liroheni nga k\u00ebta armiq q\u00eb po vendosin censur\u00eb dhe diktatur\u00eb, q\u00eb po e shnd\u00ebrrojn\u00eb drejt\u00ebsin\u00eb n\u00eb arm\u00eb politike. Ata armiq politizuan n\u00eb ekstrem edhe institucione q\u00eb duhej t\u00eb q\u00ebndronin jasht\u00eb politizimit. Amerika kishte p\u00ebsuar nj\u00eb transformim, nj\u00eb penetrim t\u00eb ekstremit t\u00eb majt\u00eb.<\/p>\n<p>Nuk fiton me Amerik\u00ebn. Un\u00eb ushqej ndjenjat m\u00eb t\u00eb thella p\u00ebr luft\u00ebn e Ukrain\u00ebs, por roli i Amerik\u00ebs n\u00eb Europ\u00eb n\u00eb vler\u00ebsimin tim \u00ebsht\u00eb jetik. N\u00ebse Amerika nuk do t\u00eb qe e pranishme n\u00eb NATO, se ku do t\u00eb ishin tanket ruse n\u00eb Europ\u00eb nuk e di. Rusia ka ambicie nga Balltiku te Adriatiku. Qenia e SHBA n\u00eb Europ\u00eb \u00ebsht\u00eb p\u00ebr sigurin\u00eb e Europ\u00ebs\u201d, tha Berisha.<\/p>\n","protected":false},"excerpt":{"rendered":"<p>Kryetari i Partis\u00eb Demokratike, Sali Berisha n\u00eb nj\u00eb dalje televizive foli p\u00ebr debatet mes Tump dhe Zelensky n\u00eb takimin n\u00eb Sht\u00ebpin\u00eb e Bardh\u00eb. Berisha u shpre\u00ebh se, roli i Amerik\u00ebs n\u00eb Europ\u00eb \u00ebsht\u00eb jetik, prania e saj \u00ebsht\u00eb p\u00ebr sigurin\u00eb e kontinentit. Berisha vijoi duke th\u00ebn\u00eb se n\u00ebse s\u2019do ishte SHBA-ja e pranishme n\u00eb NATO, &hellip;<\/p>\n","protected":false},"author":4,"featured_media":106112,"comment_status":"closed","ping_status":"closed","sticky":false,"template":"","format":"standard","meta":{"footnotes":""},"categories":[37],"tags":[],"class_list":["post-106145","post","type-post","status-publish","format-standard","has-post-thumbnail","","category-politike"],"_links":{"self":[{"href":"https:\/\/rdnews.al\/index.php\/wp-json\/wp\/v2\/posts\/106145","targetHints":{"allow":["GET"]}}],"collection":[{"href":"https:\/\/rdnews.al\/index.php\/wp-json\/wp\/v2\/posts"}],"about":[{"href":"https:\/\/rdnews.al\/index.php\/wp-json\/wp\/v2\/types\/post"}],"author":[{"embeddable":true,"href":"https:\/\/rdnews.al\/index.php\/wp-json\/wp\/v2\/users\/4"}],"replies":[{"embeddable":true,"href":"https:\/\/rdnews.al\/index.php\/wp-json\/wp\/v2\/comments?post=106145"}],"version-history":[{"count":1,"href":"https:\/\/rdnews.al\/index.php\/wp-json\/wp\/v2\/posts\/106145\/revisions"}],"predecessor-version":[{"id":106146,"href":"https:\/\/rdnews.al\/index.php\/wp-json\/wp\/v2\/posts\/106145\/revisions\/106146"}],"wp:featuredmedia":[{"embeddable":true,"href":"https:\/\/rdnews.al\/index.php\/wp-json\/wp\/v2\/media\/106112"}],"wp:attachment":[{"href":"https:\/\/rdnews.al\/index.php\/wp-json\/wp\/v2\/media?parent=106145"}],"wp:term":[{"taxonomy":"category","embeddable":true,"href":"https:\/\/rdnews.al\/index.php\/wp-json\/wp\/v2\/categories?post=106145"},{"taxonomy":"post_tag","embeddable":true,"href":"https:\/\/rdnews.al\/index.php\/wp-json\/wp\/v2\/tags?post=106145"}],"curies":[{"name":"wp","href":"https:\/\/api.w.org\/{rel}","templated":true}]}}