{"id":106154,"date":"2025-03-01T09:55:57","date_gmt":"2025-03-01T09:55:57","guid":{"rendered":"https:\/\/rdnews.al\/?p=106154"},"modified":"2025-03-01T09:55:57","modified_gmt":"2025-03-01T09:55:57","slug":"primaret-ne-pd-bylykbashi-fluks-i-larte-votuesish-qe-ne-oret-e-para","status":"publish","type":"post","link":"https:\/\/rdnews.al\/index.php\/2025\/03\/01\/primaret-ne-pd-bylykbashi-fluks-i-larte-votuesish-qe-ne-oret-e-para\/","title":{"rendered":"Primaret n\u00eb PD\/ Bylykbashi: Fluks i lart\u00eb votuesish q\u00eb n\u00eb or\u00ebt e para!"},"content":{"rendered":"<p>N\u00ebnkryetari i PD, Oerd Bylykbashi n\u00eb nj\u00eb prononcim p\u00ebr mediat ka b\u00ebr\u00eb me dije se procesi i Primareve p\u00ebr qarkun e Durr\u00ebsit po shkon shum\u00eb mir\u00eb, nd\u00ebrsa interesi i an\u00ebtar\u00ebve t\u00eb PD q\u00eb i jan\u00eb drejtuar kutive t\u00eb votimit ka qen\u00eb i lart\u00eb q\u00eb n\u00eb fillim.<\/p>\n<p>Bylykbashi e ka cil\u00ebsuar procesin si nj\u00eb nga m\u00eb demokratik\u00ebt.<\/p>\n<p>\u201cSot \u00ebsht\u00eb hapur sipas ri i nj\u00eb p\u00ebr proceseve m\u00eb demokratike. Jan\u00eb Primaret e PD p\u00ebr t\u00eb p\u00ebrzgjedhur n\u00eb faz\u00ebn e par\u00eb kandidat\u00eb q\u00eb do t\u2019i n\u00ebnshtrohen m\u00eb tej gjykimit t\u00eb PD p\u00ebr listat e zgjedhjeve t\u00eb 11 majit 2025 p\u00ebr Kuvendin e Shqip\u00ebris\u00eb. Jan\u00eb nj\u00eb moment i r\u00ebnd\u00ebsish\u00ebm sepse an\u00ebtar\u00ebsia do t\u00eb p\u00ebrcaktoj\u00eb me vot\u00eb, kush do t\u2019i p\u00ebrfaq\u00ebsoj\u00eb ata dhe shqiptar\u00ebt q\u00eb do t\u00eb duan t\u00eb votojn\u00eb m\u00eb 11 maj ndryshimin.<br \/>\nProcesi ka nisur n\u00eb or\u00ebn 08: 00 me nj\u00eb interes t\u00eb lart\u00eb, fluksi \u00ebsht\u00eb i lart\u00eb q\u00eb n\u00eb fillim, me nj\u00eb rregullshm\u00ebri maksimale.<br \/>\nProcesi deri tani po shkon shum\u00eb mir\u00eb n\u00eb t\u00eb gjith\u00eb qarkun e Durr\u00ebsit\u201d, tha ai.<\/p>\n","protected":false},"excerpt":{"rendered":"<p>N\u00ebnkryetari i PD, Oerd Bylykbashi n\u00eb nj\u00eb prononcim p\u00ebr mediat ka b\u00ebr\u00eb me dije se procesi i Primareve p\u00ebr qarkun e Durr\u00ebsit po shkon shum\u00eb mir\u00eb, nd\u00ebrsa interesi i an\u00ebtar\u00ebve t\u00eb PD q\u00eb i jan\u00eb drejtuar kutive t\u00eb votimit ka qen\u00eb i lart\u00eb q\u00eb n\u00eb fillim. Bylykbashi e ka cil\u00ebsuar procesin si nj\u00eb nga m\u00eb &hellip;<\/p>\n","protected":false},"author":4,"featured_media":106155,"comment_status":"closed","ping_status":"closed","sticky":false,"template":"","format":"standard","meta":{"footnotes":""},"categories":[37],"tags":[],"class_list":["post-106154","post","type-post","status-publish","format-standard","has-post-thumbnail","","category-politike"],"_links":{"self":[{"href":"https:\/\/rdnews.al\/index.php\/wp-json\/wp\/v2\/posts\/106154","targetHints":{"allow":["GET"]}}],"collection":[{"href":"https:\/\/rdnews.al\/index.php\/wp-json\/wp\/v2\/posts"}],"about":[{"href":"https:\/\/rdnews.al\/index.php\/wp-json\/wp\/v2\/types\/post"}],"author":[{"embeddable":true,"href":"https:\/\/rdnews.al\/index.php\/wp-json\/wp\/v2\/users\/4"}],"replies":[{"embeddable":true,"href":"https:\/\/rdnews.al\/index.php\/wp-json\/wp\/v2\/comments?post=106154"}],"version-history":[{"count":1,"href":"https:\/\/rdnews.al\/index.php\/wp-json\/wp\/v2\/posts\/106154\/revisions"}],"predecessor-version":[{"id":106156,"href":"https:\/\/rdnews.al\/index.php\/wp-json\/wp\/v2\/posts\/106154\/revisions\/106156"}],"wp:featuredmedia":[{"embeddable":true,"href":"https:\/\/rdnews.al\/index.php\/wp-json\/wp\/v2\/media\/106155"}],"wp:attachment":[{"href":"https:\/\/rdnews.al\/index.php\/wp-json\/wp\/v2\/media?parent=106154"}],"wp:term":[{"taxonomy":"category","embeddable":true,"href":"https:\/\/rdnews.al\/index.php\/wp-json\/wp\/v2\/categories?post=106154"},{"taxonomy":"post_tag","embeddable":true,"href":"https:\/\/rdnews.al\/index.php\/wp-json\/wp\/v2\/tags?post=106154"}],"curies":[{"name":"wp","href":"https:\/\/api.w.org\/{rel}","templated":true}]}}