{"id":106159,"date":"2025-03-01T10:38:17","date_gmt":"2025-03-01T10:38:17","guid":{"rendered":"https:\/\/rdnews.al\/?p=106159"},"modified":"2025-03-01T11:23:07","modified_gmt":"2025-03-01T11:23:07","slug":"primaret-e-pd-radhe-te-gjata-per-te-votuar","status":"publish","type":"post","link":"https:\/\/rdnews.al\/index.php\/2025\/03\/01\/primaret-e-pd-radhe-te-gjata-per-te-votuar\/","title":{"rendered":"Primaret e PD\/ Radh\u00eb t\u00eb gjata p\u00ebr t\u00eb votuar"},"content":{"rendered":"<p>Partia Demokratike po mban procesin e primareve n\u00eb t\u00eb gjith\u00eb vendin k\u00ebt\u00eb t\u00eb shtun\u00eb t\u00eb 1 marsit, nj\u00eb proces nga ku pritet t\u00eb dalin edhe\u00a0pas rivler\u00ebsimit nga nj\u00eb komision, kandidat\u00ebt q\u00eb do t\u00eb garojn\u00eb n\u00eb zgjedhjet parlamentare t\u00eb 11 majit n\u00ebn sigl\u00ebn e PD.<\/p>\n<p>N\u00eb gar\u00eb, n\u00eb t\u00eb gjith\u00eb Shqip\u00ebrin\u00eb jan\u00eb 300 kandidat\u00eb, nd\u00ebrsa ata do t\u00eb p\u00ebrzgjidhen p\u00ebrmes formul\u00ebs \u2018nj\u00eb an\u00ebtar, nj\u00eb vot\u00eb\u2019.<\/p>\n<p>Procesi ka nisur me votimin q\u00eb n\u00eb or\u00ebn 08.00 t\u00eb m\u00ebngjesit dhe do t\u00eb p\u00ebrfundoj\u00eb n\u00eb or\u00ebn 18.00, deri n\u00eb votuesin e fundit q\u00eb do t\u00eb hedh\u00eb vot\u00ebn e tij n\u00eb kuti p\u00ebr kandidatin preferencial.<\/p>\n<p>Gara \u00ebsht\u00eb e fort\u00eb, edhe p\u00ebr shkak t\u00eb prurjeve t\u00eb reja q\u00eb vijn\u00eb p\u00ebr her\u00eb t\u00eb par\u00eb n\u00eb k\u00ebt\u00eb proces brenda partiak, nd\u00ebrsa optimizmi n\u00eb radh\u00ebt e an\u00ebtar\u00ebsis\u00eb p\u00ebr t\u00eb votuar e dal\u00eb n\u00eb votime \u00ebsht\u00eb jasht\u00eb pritshm\u00ebrive dhe t\u00eb organizator\u00ebve t\u00eb procesit t\u00eb primareve n\u00eb PD.<\/p>\n<p>T\u00eb shumt\u00eb kan\u00eb qen\u00eb an\u00ebtar\u00ebt q\u00eb kan\u00eb zgjedhur t\u00eb dalin t\u00eb votojn\u00eb p\u00ebr kandidat\u00ebt n\u00eb gar\u00eb, nd\u00ebrsa interesi \u00ebsht\u00eb tejet i lart\u00eb, si\u00e7 shihet edhe nga pamjet e ofruara nga SYRI TV.<\/p>\n<p>Primaret, q\u00eb dhe vet\u00eb drejtuesit politik t\u00eb qarqeve apo edhe PD, i kan\u00eb cil\u00ebsuar si\u00a0jetike p\u00ebr demokracin\u00eb e vendit,\u00a0japin shembullin e nj\u00eb demokracie t\u00eb sh\u00ebndosh\u00eb p\u00ebr gar\u00eb brenda nj\u00eb force politike, gj\u00eb q\u00eb n\u00eb kampin kund\u00ebrshtar v\u00ebshtir\u00eb se e gjen.<\/p>\n<p>Vet\u00eb an\u00ebtar\u00ebsia ka shprehur d\u00ebshir\u00ebn dhe vullnetin p\u00ebr t\u00eb votuar n\u00eb k\u00ebt\u00eb proces, nd\u00ebrsa radh\u00ebt n\u00eb pritje kan\u00eb qen\u00eb t\u00eb m\u00ebdha n\u00eb shum\u00eb qendra votimi t\u00eb ngritura p\u00ebr primaret.<\/p>\n<p>Por pritja n\u00eb radh\u00eb nuk i ka penguar aspak ata q\u00eb t\u00eb votojn\u00eb, n\u00eb at\u00eb q\u00eb e cil\u00ebsojn\u00eb si nevoj\u00eb emergjente p\u00ebr t\u00eb ndryshuar k\u00ebt\u00eb kast\u00eb t\u00eb keqqeverisjes socialiste, q\u00eb vet\u00ebm ka larguar shqiptar\u00ebt n\u00eb k\u00ebto 12 vite.<\/p>\n<p>Shpresat p\u00ebr ndryshim rr\u00ebnj\u00ebsor jan\u00eb t\u00eb m\u00ebdha, nd\u00ebrsa panorama m\u00eb e mir\u00eb e k\u00ebsaj shpres\u00eb, jan\u00eb zgjedhjet q\u00eb po zhvillohen brenda PD p\u00ebr procesin e primareve.<\/p>\n","protected":false},"excerpt":{"rendered":"<p>Partia Demokratike po mban procesin e primareve n\u00eb t\u00eb gjith\u00eb vendin k\u00ebt\u00eb t\u00eb shtun\u00eb t\u00eb 1 marsit, nj\u00eb proces nga ku pritet t\u00eb dalin edhe\u00a0pas rivler\u00ebsimit nga nj\u00eb komision, kandidat\u00ebt q\u00eb do t\u00eb garojn\u00eb n\u00eb zgjedhjet parlamentare t\u00eb 11 majit n\u00ebn sigl\u00ebn e PD. N\u00eb gar\u00eb, n\u00eb t\u00eb gjith\u00eb Shqip\u00ebrin\u00eb jan\u00eb 300 kandidat\u00eb, nd\u00ebrsa ata &hellip;<\/p>\n","protected":false},"author":4,"featured_media":106162,"comment_status":"closed","ping_status":"closed","sticky":false,"template":"","format":"standard","meta":{"footnotes":""},"categories":[37],"tags":[],"class_list":["post-106159","post","type-post","status-publish","format-standard","has-post-thumbnail","","category-politike"],"_links":{"self":[{"href":"https:\/\/rdnews.al\/index.php\/wp-json\/wp\/v2\/posts\/106159","targetHints":{"allow":["GET"]}}],"collection":[{"href":"https:\/\/rdnews.al\/index.php\/wp-json\/wp\/v2\/posts"}],"about":[{"href":"https:\/\/rdnews.al\/index.php\/wp-json\/wp\/v2\/types\/post"}],"author":[{"embeddable":true,"href":"https:\/\/rdnews.al\/index.php\/wp-json\/wp\/v2\/users\/4"}],"replies":[{"embeddable":true,"href":"https:\/\/rdnews.al\/index.php\/wp-json\/wp\/v2\/comments?post=106159"}],"version-history":[{"count":1,"href":"https:\/\/rdnews.al\/index.php\/wp-json\/wp\/v2\/posts\/106159\/revisions"}],"predecessor-version":[{"id":106161,"href":"https:\/\/rdnews.al\/index.php\/wp-json\/wp\/v2\/posts\/106159\/revisions\/106161"}],"wp:featuredmedia":[{"embeddable":true,"href":"https:\/\/rdnews.al\/index.php\/wp-json\/wp\/v2\/media\/106162"}],"wp:attachment":[{"href":"https:\/\/rdnews.al\/index.php\/wp-json\/wp\/v2\/media?parent=106159"}],"wp:term":[{"taxonomy":"category","embeddable":true,"href":"https:\/\/rdnews.al\/index.php\/wp-json\/wp\/v2\/categories?post=106159"},{"taxonomy":"post_tag","embeddable":true,"href":"https:\/\/rdnews.al\/index.php\/wp-json\/wp\/v2\/tags?post=106159"}],"curies":[{"name":"wp","href":"https:\/\/api.w.org\/{rel}","templated":true}]}}