{"id":106163,"date":"2025-03-01T13:03:02","date_gmt":"2025-03-01T13:03:02","guid":{"rendered":"https:\/\/rdnews.al\/?p=106163"},"modified":"2025-03-01T13:03:02","modified_gmt":"2025-03-01T13:03:02","slug":"muaji-i-shenjte-i-ramazanit-berisha-uron-besimtaret-myslimane","status":"publish","type":"post","link":"https:\/\/rdnews.al\/index.php\/2025\/03\/01\/muaji-i-shenjte-i-ramazanit-berisha-uron-besimtaret-myslimane\/","title":{"rendered":"Muaji i shenjt\u00eb i Ramazanit\/ Berisha uron besimtar\u00ebt mysliman\u00eb"},"content":{"rendered":"<div id=\"rekl-49\">Kryetari i Partis\u00eb Demokratike, Sali Berisha, p\u00ebrmes nj\u00eb video-mesazhi n\u00eb faqen zyrtare t\u00eb Facebook ka uruar t\u00eb gjith\u00eb besimtar\u00ebt mysliman\u00eb, p\u00ebr nisjen e muajt t\u00eb shenjt\u00eb t\u00eb Ramazanit.<\/div>\n<div class=\"readmore-text-here\">\n<p><strong>Mesazhi<\/strong><\/p>\n<p>Besimtar\u00eb mysliman\u00eb shqiptar\u00eb, n\u00eb dit\u00ebn e par\u00eb t\u00eb muajit t\u00eb madh\u00ebrish\u00ebm t\u00eb Ramazanit, ju uroj nga zemra agj\u00ebrim t\u00eb mbar\u00eb.<\/p>\n<p>I lutem gjithashtu Zotit, q\u00eb ta pranoj\u00eb sakrific\u00ebn e tyre dhe ta shnd\u00ebrroj\u00eb at\u00eb n\u00eb mir\u00ebsi p\u00ebr ata, familjet e tyre\u00a0dhe mbar\u00eb shoq\u00ebrin\u00eb shqiptare.<\/p>\n<p><em><iframe loading=\"lazy\" src=\"https:\/\/www.facebook.com\/plugins\/video.php?height=316&amp;href=https%3A%2F%2Fwww.facebook.com%2FSaliBerisha%2Fvideos%2F581166934925702%2F&amp;show_text=false&amp;width=560&amp;t=0\" width=\"560\" height=\"316\" frameborder=\"0\" scrolling=\"no\" allowfullscreen=\"allowfullscreen\" data-mce-fragment=\"1\"><\/iframe><\/em><\/p>\n<p>&nbsp;<\/p>\n<\/div>\n","protected":false},"excerpt":{"rendered":"<p>Kryetari i Partis\u00eb Demokratike, Sali Berisha, p\u00ebrmes nj\u00eb video-mesazhi n\u00eb faqen zyrtare t\u00eb Facebook ka uruar t\u00eb gjith\u00eb besimtar\u00ebt mysliman\u00eb, p\u00ebr nisjen e muajt t\u00eb shenjt\u00eb t\u00eb Ramazanit. Mesazhi Besimtar\u00eb mysliman\u00eb shqiptar\u00eb, n\u00eb dit\u00ebn e par\u00eb t\u00eb muajit t\u00eb madh\u00ebrish\u00ebm t\u00eb Ramazanit, ju uroj nga zemra agj\u00ebrim t\u00eb mbar\u00eb. I lutem gjithashtu Zotit, q\u00eb ta &hellip;<\/p>\n","protected":false},"author":4,"featured_media":106164,"comment_status":"closed","ping_status":"closed","sticky":false,"template":"","format":"standard","meta":{"footnotes":""},"categories":[37],"tags":[],"class_list":["post-106163","post","type-post","status-publish","format-standard","has-post-thumbnail","","category-politike"],"_links":{"self":[{"href":"https:\/\/rdnews.al\/index.php\/wp-json\/wp\/v2\/posts\/106163","targetHints":{"allow":["GET"]}}],"collection":[{"href":"https:\/\/rdnews.al\/index.php\/wp-json\/wp\/v2\/posts"}],"about":[{"href":"https:\/\/rdnews.al\/index.php\/wp-json\/wp\/v2\/types\/post"}],"author":[{"embeddable":true,"href":"https:\/\/rdnews.al\/index.php\/wp-json\/wp\/v2\/users\/4"}],"replies":[{"embeddable":true,"href":"https:\/\/rdnews.al\/index.php\/wp-json\/wp\/v2\/comments?post=106163"}],"version-history":[{"count":1,"href":"https:\/\/rdnews.al\/index.php\/wp-json\/wp\/v2\/posts\/106163\/revisions"}],"predecessor-version":[{"id":106165,"href":"https:\/\/rdnews.al\/index.php\/wp-json\/wp\/v2\/posts\/106163\/revisions\/106165"}],"wp:featuredmedia":[{"embeddable":true,"href":"https:\/\/rdnews.al\/index.php\/wp-json\/wp\/v2\/media\/106164"}],"wp:attachment":[{"href":"https:\/\/rdnews.al\/index.php\/wp-json\/wp\/v2\/media?parent=106163"}],"wp:term":[{"taxonomy":"category","embeddable":true,"href":"https:\/\/rdnews.al\/index.php\/wp-json\/wp\/v2\/categories?post=106163"},{"taxonomy":"post_tag","embeddable":true,"href":"https:\/\/rdnews.al\/index.php\/wp-json\/wp\/v2\/tags?post=106163"}],"curies":[{"name":"wp","href":"https:\/\/api.w.org\/{rel}","templated":true}]}}