{"id":106166,"date":"2025-03-01T13:08:26","date_gmt":"2025-03-01T13:08:26","guid":{"rendered":"https:\/\/rdnews.al\/?p=106166"},"modified":"2025-03-01T13:08:55","modified_gmt":"2025-03-01T13:08:55","slug":"rama-per-arrestimin-e-veliajt-e-vertete-eshte-se-ketu-ka-filluar-pastrimi","status":"publish","type":"post","link":"https:\/\/rdnews.al\/index.php\/2025\/03\/01\/rama-per-arrestimin-e-veliajt-e-vertete-eshte-se-ketu-ka-filluar-pastrimi\/","title":{"rendered":"Rama p\u00ebr arrestimin e Veliajt: E v\u00ebrtet\u00eb \u00ebsht\u00eb se k\u00ebtu ka filluar pastrimi!"},"content":{"rendered":"<p>Gjat\u00eb nj\u00eb takimi me an\u00ebtar\u00eb t\u00eb partis\u00eb n\u00eb asamblen\u00eb e Kamz\u00ebs, Edi Rama ka folur s\u00ebrish p\u00ebr drejt\u00ebsin\u00eb. Duke vijuar me avazin se drejt\u00ebsin\u00eb e ka b\u00ebr\u00eb ai, Rama nuk ka ngurruar t\u00eb l\u00ebshoj\u00eb sinjale se arrestimet e fundit me urdh\u00ebr t\u00eb SPAK n\u00eb radh\u00ebt e partis\u00eb s\u00eb tij jan\u00eb pastrim. Dhe arrestimi m\u00eb i fundit dhe m\u00eb i bujshmi dihet q\u00eb \u00ebsht\u00eb arrestimi i Erion Veliajt n\u00eb zyr\u00eb.<\/p>\n<p>\u201cDuhet pasur parasysh se sa her\u00eb ka nj\u00eb luft\u00eb t\u00eb till\u00eb, p\u00ebr shkak se b\u00ebhet zhurm\u00eb, krijohet dhe perceptim sikur k\u00ebtu plasi peshku. N\u00eb fakt, e v\u00ebrtet\u00eb \u00ebsht\u00eb se k\u00ebtu ka filluar pastrimi\u201d, \u00ebsht\u00eb shprehur Rama gjat\u00eb dit\u00ebs s\u00eb sotme.<\/p>\n","protected":false},"excerpt":{"rendered":"<p>Gjat\u00eb nj\u00eb takimi me an\u00ebtar\u00eb t\u00eb partis\u00eb n\u00eb asamblen\u00eb e Kamz\u00ebs, Edi Rama ka folur s\u00ebrish p\u00ebr drejt\u00ebsin\u00eb. Duke vijuar me avazin se drejt\u00ebsin\u00eb e ka b\u00ebr\u00eb ai, Rama nuk ka ngurruar t\u00eb l\u00ebshoj\u00eb sinjale se arrestimet e fundit me urdh\u00ebr t\u00eb SPAK n\u00eb radh\u00ebt e partis\u00eb s\u00eb tij jan\u00eb pastrim. Dhe arrestimi m\u00eb i &hellip;<\/p>\n","protected":false},"author":4,"featured_media":105690,"comment_status":"closed","ping_status":"closed","sticky":false,"template":"","format":"standard","meta":{"footnotes":""},"categories":[37],"tags":[],"class_list":["post-106166","post","type-post","status-publish","format-standard","has-post-thumbnail","","category-politike"],"_links":{"self":[{"href":"https:\/\/rdnews.al\/index.php\/wp-json\/wp\/v2\/posts\/106166","targetHints":{"allow":["GET"]}}],"collection":[{"href":"https:\/\/rdnews.al\/index.php\/wp-json\/wp\/v2\/posts"}],"about":[{"href":"https:\/\/rdnews.al\/index.php\/wp-json\/wp\/v2\/types\/post"}],"author":[{"embeddable":true,"href":"https:\/\/rdnews.al\/index.php\/wp-json\/wp\/v2\/users\/4"}],"replies":[{"embeddable":true,"href":"https:\/\/rdnews.al\/index.php\/wp-json\/wp\/v2\/comments?post=106166"}],"version-history":[{"count":1,"href":"https:\/\/rdnews.al\/index.php\/wp-json\/wp\/v2\/posts\/106166\/revisions"}],"predecessor-version":[{"id":106167,"href":"https:\/\/rdnews.al\/index.php\/wp-json\/wp\/v2\/posts\/106166\/revisions\/106167"}],"wp:featuredmedia":[{"embeddable":true,"href":"https:\/\/rdnews.al\/index.php\/wp-json\/wp\/v2\/media\/105690"}],"wp:attachment":[{"href":"https:\/\/rdnews.al\/index.php\/wp-json\/wp\/v2\/media?parent=106166"}],"wp:term":[{"taxonomy":"category","embeddable":true,"href":"https:\/\/rdnews.al\/index.php\/wp-json\/wp\/v2\/categories?post=106166"},{"taxonomy":"post_tag","embeddable":true,"href":"https:\/\/rdnews.al\/index.php\/wp-json\/wp\/v2\/tags?post=106166"}],"curies":[{"name":"wp","href":"https:\/\/api.w.org\/{rel}","templated":true}]}}