{"id":106168,"date":"2025-03-01T13:42:04","date_gmt":"2025-03-01T13:42:04","guid":{"rendered":"https:\/\/rdnews.al\/?p=106168"},"modified":"2025-03-01T13:42:12","modified_gmt":"2025-03-01T13:42:12","slug":"primaret-berisha-kjo-eshte-nje-dite-e-rendesishme-per-pd-per-pluralizmin-politik-dhe-per-lirine","status":"publish","type":"post","link":"https:\/\/rdnews.al\/index.php\/2025\/03\/01\/primaret-berisha-kjo-eshte-nje-dite-e-rendesishme-per-pd-per-pluralizmin-politik-dhe-per-lirine\/","title":{"rendered":"Primaret\/ Berisha: Kjo \u00ebsht\u00eb nj\u00eb dit\u00eb e r\u00ebnd\u00ebsishme p\u00ebr PD, p\u00ebr pluralizmin politik dhe p\u00ebr lirin\u00eb"},"content":{"rendered":"<p>Kryetari i Partis\u00eb Demokratike, Prof. Dr. Sali Berisha, ka votuar sot n\u00eb primaret e PD-s\u00eb, duke theksuar r\u00ebnd\u00ebsin\u00eb e k\u00ebsaj dite p\u00ebr pluralizmin politik dhe t\u00eb drejtat e qytetar\u00ebve shqiptar\u00eb.<\/p>\n<p>Gjat\u00eb nj\u00eb prononcimi p\u00ebr mediat pas votimit, Berisha e cil\u00ebsoi k\u00ebt\u00eb proces si nj\u00eb akt t\u00eb r\u00ebnd\u00ebsish\u00ebm p\u00ebr lirin\u00eb dhe demokracin\u00eb n\u00eb Shqip\u00ebri. Ai i b\u00ebri thirrje an\u00ebtar\u00ebve dhe mb\u00ebshtet\u00ebsve t\u00eb PD-s\u00eb t\u00eb besojn\u00eb se, pavar\u00ebsisht sfidave, liria do t\u00eb dal\u00eb m\u00eb e fort\u00eb pas k\u00ebtyre zgjedhjeve, duke u shprehur se PD ka nj\u00eb rol t\u00eb r\u00ebnd\u00ebsish\u00ebm n\u00eb mbrojtjen e t\u00eb drejtave dhe liris\u00eb p\u00ebr shqiptar\u00ebt.<\/p>\n<p>Lideri demokrat, Sali Berisha gjithashtu theksoi se kjo \u00ebsht\u00eb nj\u00eb dit\u00eb q\u00eb do t\u00eb forcoj\u00eb m\u00eb tej angazhimin e partis\u00eb p\u00ebr nj\u00eb Shqip\u00ebri m\u00eb t\u00eb lir\u00eb dhe m\u00eb demokratike.<\/p>\n<p><img loading=\"lazy\" decoding=\"async\" class=\"wp-image-18429\" src=\"https:\/\/pd.al\/wp-content\/uploads\/2025\/03\/4e2dc5a3-f17a-4424-b7f6-b5da9853a0cb-1024x682.jpeg\" sizes=\"auto, (max-width: 1024px) 100vw, 1024px\" srcset=\"https:\/\/pd.al\/wp-content\/uploads\/2025\/03\/4e2dc5a3-f17a-4424-b7f6-b5da9853a0cb-1024x682.jpeg 1024w, https:\/\/pd.al\/wp-content\/uploads\/2025\/03\/4e2dc5a3-f17a-4424-b7f6-b5da9853a0cb-300x200.jpeg 300w, https:\/\/pd.al\/wp-content\/uploads\/2025\/03\/4e2dc5a3-f17a-4424-b7f6-b5da9853a0cb-768x512.jpeg 768w, https:\/\/pd.al\/wp-content\/uploads\/2025\/03\/4e2dc5a3-f17a-4424-b7f6-b5da9853a0cb-1536x1023.jpeg 1536w, https:\/\/pd.al\/wp-content\/uploads\/2025\/03\/4e2dc5a3-f17a-4424-b7f6-b5da9853a0cb.jpeg 1600w\" alt=\"\" width=\"1024\" height=\"682\" \/><\/p>\n<p><strong>PRONONCIMI I PLOT\u00cb<\/strong><\/p>\n<p>Nj\u00eb p\u00ebrsh\u00ebndetje t\u00eb p\u00ebrzem\u00ebrt t\u00eb gjith\u00eb demokrateve dhe demokrat\u00ebve q\u00eb kan\u00eb votuar dhe do votojn\u00eb sot p\u00ebr t\u00eb shprehur vullnetin e tyre p\u00ebr kandidatin q\u00eb ata d\u00ebshirojn\u00eb t\u2019i p\u00ebrfaq\u00ebsoj\u00eb n\u00eb Parlamentin e Shqip\u00ebris\u00eb.<\/p>\n<p>Kjo \u00ebsht\u00eb nj\u00eb dit\u00eb e r\u00ebnd\u00ebsishme p\u00ebr PD, \u00ebsht\u00eb nj\u00eb dit\u00eb e r\u00ebnd\u00ebsishme p\u00ebr pluralizmin politik n\u00eb Shqip\u00ebri dhe p\u00ebr lirin\u00eb.<\/p>\n<p>PD prin n\u00eb betej\u00ebn e saj p\u00ebr lirit\u00eb dhe t\u00eb drejtat e an\u00ebtareve dhe an\u00ebtar\u00ebve t\u00eb saj, e qytetareve dhe qytetar\u00ebve t\u00eb Shqip\u00ebris\u00eb. Ktheni pak kok\u00ebn, mbyllni pak syt\u00eb dhe shihni se \u00e7far\u00eb ndodh n\u00eb partin\u00eb tjet\u00ebr. Se n\u00eb \u00e7far\u00eb kthetrash, \u00e7far\u00eb honesh vidhisen n\u00eb k\u00ebt\u00eb periudh\u00eb. Ndaj dhe, ky \u00ebsht\u00eb nj\u00eb akt shprese p\u00ebr shqiptar\u00ebt q\u00eb liria nuk do t\u00eb shuhet kurr\u00eb n\u00eb k\u00ebt\u00eb vend, por do dal\u00eb shum\u00eb m\u00eb e fort\u00eb nga k\u00ebto zgjedhje.<\/p>\n<p><strong><em>Pyetje: Z.Berisha, e pat\u00ebt t\u00eb leht\u00eb ta b\u00ebnit zgjedhjen tuaj?<br \/>\n<\/em><\/strong><\/p>\n<p><strong><em>Berisha:<\/em><\/strong>\u00a0Shum\u00eb t\u00eb v\u00ebshtir\u00eb, sepse kishte kandidatura aq konkurruese, sa ishte e v\u00ebshtir\u00eb ta p\u00ebrqendroje vendimin tek nj\u00eb e ve\u00e7ant\u00eb. Do t\u00eb doja t\u00eb ishin disa, por un\u00eb respektova statutin.<\/p>\n","protected":false},"excerpt":{"rendered":"<p>Kryetari i Partis\u00eb Demokratike, Prof. Dr. Sali Berisha, ka votuar sot n\u00eb primaret e PD-s\u00eb, duke theksuar r\u00ebnd\u00ebsin\u00eb e k\u00ebsaj dite p\u00ebr pluralizmin politik dhe t\u00eb drejtat e qytetar\u00ebve shqiptar\u00eb. Gjat\u00eb nj\u00eb prononcimi p\u00ebr mediat pas votimit, Berisha e cil\u00ebsoi k\u00ebt\u00eb proces si nj\u00eb akt t\u00eb r\u00ebnd\u00ebsish\u00ebm p\u00ebr lirin\u00eb dhe demokracin\u00eb n\u00eb Shqip\u00ebri. Ai i &hellip;<\/p>\n","protected":false},"author":4,"featured_media":106169,"comment_status":"closed","ping_status":"closed","sticky":false,"template":"","format":"standard","meta":{"footnotes":""},"categories":[37],"tags":[],"class_list":["post-106168","post","type-post","status-publish","format-standard","has-post-thumbnail","","category-politike"],"_links":{"self":[{"href":"https:\/\/rdnews.al\/index.php\/wp-json\/wp\/v2\/posts\/106168","targetHints":{"allow":["GET"]}}],"collection":[{"href":"https:\/\/rdnews.al\/index.php\/wp-json\/wp\/v2\/posts"}],"about":[{"href":"https:\/\/rdnews.al\/index.php\/wp-json\/wp\/v2\/types\/post"}],"author":[{"embeddable":true,"href":"https:\/\/rdnews.al\/index.php\/wp-json\/wp\/v2\/users\/4"}],"replies":[{"embeddable":true,"href":"https:\/\/rdnews.al\/index.php\/wp-json\/wp\/v2\/comments?post=106168"}],"version-history":[{"count":1,"href":"https:\/\/rdnews.al\/index.php\/wp-json\/wp\/v2\/posts\/106168\/revisions"}],"predecessor-version":[{"id":106170,"href":"https:\/\/rdnews.al\/index.php\/wp-json\/wp\/v2\/posts\/106168\/revisions\/106170"}],"wp:featuredmedia":[{"embeddable":true,"href":"https:\/\/rdnews.al\/index.php\/wp-json\/wp\/v2\/media\/106169"}],"wp:attachment":[{"href":"https:\/\/rdnews.al\/index.php\/wp-json\/wp\/v2\/media?parent=106168"}],"wp:term":[{"taxonomy":"category","embeddable":true,"href":"https:\/\/rdnews.al\/index.php\/wp-json\/wp\/v2\/categories?post=106168"},{"taxonomy":"post_tag","embeddable":true,"href":"https:\/\/rdnews.al\/index.php\/wp-json\/wp\/v2\/tags?post=106168"}],"curies":[{"name":"wp","href":"https:\/\/api.w.org\/{rel}","templated":true}]}}