{"id":106189,"date":"2025-03-01T15:34:43","date_gmt":"2025-03-01T15:34:43","guid":{"rendered":"https:\/\/rdnews.al\/?p=106189"},"modified":"2025-03-01T15:34:43","modified_gmt":"2025-03-01T15:34:43","slug":"berisha-do-te-shumefishohen-zyrat-konsullore-ne-te-gjitha-vendet-ku-jetojne-shqiptaret","status":"publish","type":"post","link":"https:\/\/rdnews.al\/index.php\/2025\/03\/01\/berisha-do-te-shumefishohen-zyrat-konsullore-ne-te-gjitha-vendet-ku-jetojne-shqiptaret\/","title":{"rendered":"Berisha: Do t\u00eb shum\u00ebfishohen zyrat konsullore n\u00eb t\u00eb gjitha vendet ku jetojn\u00eb shqiptar\u00ebt"},"content":{"rendered":"<p>Kreu i PD, Sali Berisha, ka garantuar se do t\u00eb realizohen ndryshime t\u00eb r\u00ebnd\u00ebsishme p\u00ebr diaspor\u00ebn shqiptare, duke filluar me heqjen e taksimit t\u00eb dyfisht\u00eb n\u00eb aktet e para. Gjat\u00eb nj\u00eb takimi virtual me komunitetin shqiptar jasht\u00eb vendit, Berisha fal\u00ebnderoi p\u00ebr sugjerimin dhe theksoi se ky problem do t\u00eb zgjidhet pa asnj\u00eb diskutim.<\/p>\n<p>\u201cJu garantoj se do t\u00eb b\u00ebhet pa asnj\u00eb diskutim dhe ju fal\u00ebnderoj p\u00ebr sugjerimin q\u00eb b\u00ebni n\u00eb lidhje me heqjen e taksimit t\u00eb dyfisht\u00eb n\u00eb aktet e para, sikund\u00ebr ju garantoj ju se, do t\u00eb shum\u00ebfishohen zyrat konsullore n\u00eb t\u00eb gjitha vendet ku jetoni.<\/p>\n<p>Un\u00eb e kupto se \u00e7far\u00eb mundimesh keni ju p\u00ebr t\u00eb udh\u00ebtuar nga nj\u00eb qytet n\u00eb nj\u00eb qytet tjet\u00ebr p\u00ebr sh\u00ebrbimet konsullore.<\/p>\n<p>Ne do t\u00eb zbatojm\u00eb praktik\u00ebn m\u00eb leht\u00ebsuese p\u00ebr k\u00ebto sh\u00ebrbime dhe ky \u00ebsht\u00eb nj\u00eb shqet\u00ebsim i ngritur n\u00eb m\u00ebnyr\u00eb t\u00eb p\u00ebrs\u00ebritur nga ju\u201d, tha Berisha.<\/p>\n","protected":false},"excerpt":{"rendered":"<p>Kreu i PD, Sali Berisha, ka garantuar se do t\u00eb realizohen ndryshime t\u00eb r\u00ebnd\u00ebsishme p\u00ebr diaspor\u00ebn shqiptare, duke filluar me heqjen e taksimit t\u00eb dyfisht\u00eb n\u00eb aktet e para. Gjat\u00eb nj\u00eb takimi virtual me komunitetin shqiptar jasht\u00eb vendit, Berisha fal\u00ebnderoi p\u00ebr sugjerimin dhe theksoi se ky problem do t\u00eb zgjidhet pa asnj\u00eb diskutim. \u201cJu garantoj &hellip;<\/p>\n","protected":false},"author":4,"featured_media":106172,"comment_status":"closed","ping_status":"closed","sticky":false,"template":"","format":"standard","meta":{"footnotes":""},"categories":[37],"tags":[],"class_list":["post-106189","post","type-post","status-publish","format-standard","has-post-thumbnail","","category-politike"],"_links":{"self":[{"href":"https:\/\/rdnews.al\/index.php\/wp-json\/wp\/v2\/posts\/106189","targetHints":{"allow":["GET"]}}],"collection":[{"href":"https:\/\/rdnews.al\/index.php\/wp-json\/wp\/v2\/posts"}],"about":[{"href":"https:\/\/rdnews.al\/index.php\/wp-json\/wp\/v2\/types\/post"}],"author":[{"embeddable":true,"href":"https:\/\/rdnews.al\/index.php\/wp-json\/wp\/v2\/users\/4"}],"replies":[{"embeddable":true,"href":"https:\/\/rdnews.al\/index.php\/wp-json\/wp\/v2\/comments?post=106189"}],"version-history":[{"count":1,"href":"https:\/\/rdnews.al\/index.php\/wp-json\/wp\/v2\/posts\/106189\/revisions"}],"predecessor-version":[{"id":106190,"href":"https:\/\/rdnews.al\/index.php\/wp-json\/wp\/v2\/posts\/106189\/revisions\/106190"}],"wp:featuredmedia":[{"embeddable":true,"href":"https:\/\/rdnews.al\/index.php\/wp-json\/wp\/v2\/media\/106172"}],"wp:attachment":[{"href":"https:\/\/rdnews.al\/index.php\/wp-json\/wp\/v2\/media?parent=106189"}],"wp:term":[{"taxonomy":"category","embeddable":true,"href":"https:\/\/rdnews.al\/index.php\/wp-json\/wp\/v2\/categories?post=106189"},{"taxonomy":"post_tag","embeddable":true,"href":"https:\/\/rdnews.al\/index.php\/wp-json\/wp\/v2\/tags?post=106189"}],"curies":[{"name":"wp","href":"https:\/\/api.w.org\/{rel}","templated":true}]}}