{"id":106199,"date":"2025-03-01T19:32:34","date_gmt":"2025-03-01T19:32:34","guid":{"rendered":"https:\/\/rdnews.al\/?p=106199"},"modified":"2025-03-01T19:32:34","modified_gmt":"2025-03-01T19:32:34","slug":"diaspora-berisha-neser-ne-oren-13-00-takim-ne-milano","status":"publish","type":"post","link":"https:\/\/rdnews.al\/index.php\/2025\/03\/01\/diaspora-berisha-neser-ne-oren-13-00-takim-ne-milano\/","title":{"rendered":"Diaspora\/ Berisha n\u00ebser n\u00eb or\u00ebn 13.00 takim n\u00eb Milano"},"content":{"rendered":"<p>N\u00eb kuad\u00ebr t\u00eb takimeve, me diaspor\u00ebn p\u00ebr zgjedhjet e 11 majit lideri i opozit\u00ebs shqiptare do t\u00eb zhvilloj\u00eb nj\u00eb takim n\u00eb Milano, Itali.<\/p>\n<p>Njoftimin p\u00ebr k\u00ebt\u00eb takim e ka dh\u00ebn\u00eb vet\u00eb kreu demokrat Berisha n\u00eb faqen e tij n\u00eb Facebook.<\/p>\n<p>Pas takimeve n\u00eb Parma dhe Athin\u00eb ku kishte nj\u00eb pjes\u00ebmarrje t\u00eb jasht\u00ebzakonshme t\u00eb diaspor\u00ebs, edhe takimi i Milano pritet t\u00eb jet\u00eb madh\u00ebshtor.<\/p>\n<p><strong>Mesazhi<\/strong><\/p>\n<p>Nes\u00ebr takimi madh\u00ebshtor me diaspor\u00ebn shqiptare, Milano, Itali.<\/p>\n<p>Dat\u00eb 02 Mars<\/p>\n<p>Ora 13:00<\/p>\n<p>Itali<\/p>\n<p>PALABORSANI, VIA LEGNANO 3, 21053 CASTELLANZA<\/p>\n<p>DIASPORA ZGJEDH ATDHEUN<\/p>\n","protected":false},"excerpt":{"rendered":"<p>N\u00eb kuad\u00ebr t\u00eb takimeve, me diaspor\u00ebn p\u00ebr zgjedhjet e 11 majit lideri i opozit\u00ebs shqiptare do t\u00eb zhvilloj\u00eb nj\u00eb takim n\u00eb Milano, Itali. Njoftimin p\u00ebr k\u00ebt\u00eb takim e ka dh\u00ebn\u00eb vet\u00eb kreu demokrat Berisha n\u00eb faqen e tij n\u00eb Facebook. Pas takimeve n\u00eb Parma dhe Athin\u00eb ku kishte nj\u00eb pjes\u00ebmarrje t\u00eb jasht\u00ebzakonshme t\u00eb diaspor\u00ebs, edhe &hellip;<\/p>\n","protected":false},"author":4,"featured_media":105710,"comment_status":"closed","ping_status":"closed","sticky":false,"template":"","format":"standard","meta":{"footnotes":""},"categories":[37],"tags":[],"class_list":["post-106199","post","type-post","status-publish","format-standard","has-post-thumbnail","","category-politike"],"_links":{"self":[{"href":"https:\/\/rdnews.al\/index.php\/wp-json\/wp\/v2\/posts\/106199","targetHints":{"allow":["GET"]}}],"collection":[{"href":"https:\/\/rdnews.al\/index.php\/wp-json\/wp\/v2\/posts"}],"about":[{"href":"https:\/\/rdnews.al\/index.php\/wp-json\/wp\/v2\/types\/post"}],"author":[{"embeddable":true,"href":"https:\/\/rdnews.al\/index.php\/wp-json\/wp\/v2\/users\/4"}],"replies":[{"embeddable":true,"href":"https:\/\/rdnews.al\/index.php\/wp-json\/wp\/v2\/comments?post=106199"}],"version-history":[{"count":1,"href":"https:\/\/rdnews.al\/index.php\/wp-json\/wp\/v2\/posts\/106199\/revisions"}],"predecessor-version":[{"id":106200,"href":"https:\/\/rdnews.al\/index.php\/wp-json\/wp\/v2\/posts\/106199\/revisions\/106200"}],"wp:featuredmedia":[{"embeddable":true,"href":"https:\/\/rdnews.al\/index.php\/wp-json\/wp\/v2\/media\/105710"}],"wp:attachment":[{"href":"https:\/\/rdnews.al\/index.php\/wp-json\/wp\/v2\/media?parent=106199"}],"wp:term":[{"taxonomy":"category","embeddable":true,"href":"https:\/\/rdnews.al\/index.php\/wp-json\/wp\/v2\/categories?post=106199"},{"taxonomy":"post_tag","embeddable":true,"href":"https:\/\/rdnews.al\/index.php\/wp-json\/wp\/v2\/tags?post=106199"}],"curies":[{"name":"wp","href":"https:\/\/api.w.org\/{rel}","templated":true}]}}