{"id":106207,"date":"2025-03-02T15:22:34","date_gmt":"2025-03-02T15:22:34","guid":{"rendered":"https:\/\/rdnews.al\/?p=106207"},"modified":"2025-03-02T15:22:39","modified_gmt":"2025-03-02T15:22:39","slug":"berisha-nga-milano-italia-i-ka-hapur-dyert-gjithmone-shqiptareve","status":"publish","type":"post","link":"https:\/\/rdnews.al\/index.php\/2025\/03\/02\/berisha-nga-milano-italia-i-ka-hapur-dyert-gjithmone-shqiptareve\/","title":{"rendered":"Berisha nga Milano: Italia i ka hapur dyert gjithmon\u00eb shqiptar\u00ebve!"},"content":{"rendered":"<p>Kryetari i Partis\u00eb Demokratike, Sali Berisha pasi ka fal\u00ebnderuar t\u00eb gjith\u00eb pjes\u00ebmarr\u00ebsit p\u00ebr pritjen madh\u00ebshtore n\u00eb Milano ka fal\u00ebnderuar vendin fqinj, Italin\u00eb, p\u00ebr mikpritjen q\u00eb u ka b\u00ebr\u00eb n\u00eb t\u00eb gjitha koh\u00ebrat, shqiptar\u00ebve.<\/p>\n<p>Berisha tha se, marr\u00ebdh\u00ebniet e Shqip\u00ebris\u00eb me Italin\u00eb jan\u00eb marr\u00ebdh\u00ebnie qindra vje\u00e7are, por ne shqiptar\u00ebt kemi nj\u00eb fjal\u00eb: miku i mir\u00eb n\u00eb dit\u00eb t\u00eb v\u00ebshtir\u00eb.<\/p>\n<p>\u201cT\u00eb dashur bashk\u00ebatdhetare dhe bashkatdhetar\u00eb!<\/p>\n<p>Falenderime t\u00eb p\u00ebrzem\u00ebrta, mir\u00ebnjohjen m\u00eb t\u00eb thell\u00eb p\u00ebr k\u00ebt\u00eb pritje madh\u00ebshtore. Entuziazmi, energjia, dashuria juaj p\u00ebr vendin, njer\u00ebz t\u00eb lir\u00eb, atdhetar\u00eb t\u00eb flakt\u00eb po shkrijn\u00eb sot ngric\u00ebn e dimrit t\u00eb narkodiktatur\u00ebs n\u00eb Shqip\u00ebri, dhe po sjellin pranver\u00ebn e bekuar t\u00eb demokracis\u00eb.<\/p>\n<p>Mir\u00ebnjohje t\u00eb pakufishme p\u00ebr k\u00ebt\u00eb pritje kaq t\u00eb zjarrt\u00eb. Pritje t\u00eb cilat po kthehen n\u00eb himnin m\u00eb t\u00eb bukur t\u00eb rikthimit t\u00eb PD, t\u00eb fitores s\u00eb opozit\u00ebs shqiptare.<\/p>\n<p>\u00cbsht\u00eb k\u00ebnaq\u00ebsi e madhe ky takim sot me ju, nj\u00eb takim n\u00eb Milano, qytetin e mikut italian m\u00eb t\u00eb shquar t\u00eb shqiptar\u00ebve, e mikut t\u00eb pavdeksh\u00ebm t\u00eb Shqip\u00ebris\u00eb dhe Sali Berish\u00ebs, Silvio Berluksoni.<\/p>\n<p>Ky takim n\u00eb Itali, n\u00eb vendin mik t\u00eb sprovuar n\u00eb koh\u00ebrat m\u00eb t\u00eb v\u00ebshtira p\u00ebr shqiptar\u00ebt. Prandaj dhe, nj\u00eb fal\u00ebnderim i ve\u00e7ant\u00eb shkon p\u00ebr miqt\u00eb tuaj n\u00eb k\u00ebt\u00eb vend, p\u00ebr kombin e madh italian, p\u00ebr gjith\u00e7ka kan\u00eb b\u00ebr\u00eb p\u00ebr Shqip\u00ebrin\u00eb, p\u00ebr shqiptar\u00ebt.<\/p>\n<p>Miqt\u00eb e mi, marr\u00ebdh\u00ebniet e Shqip\u00ebris\u00eb me Italin\u00eb jan\u00eb marr\u00ebdh\u00ebnie qindra vje\u00e7are, por ne shqiptar\u00ebt kemi nj\u00eb fjal\u00eb: miku i mir\u00eb n\u00eb dit\u00eb t\u00eb v\u00ebshtir\u00eb. Dhe italian\u00ebt iu jan\u00eb gjetur shqiptar\u00ebve n\u00eb dit\u00ebt m\u00eb t\u00eb v\u00ebshtira t\u00eb tyre, bashk\u00ebpushtimit otoman, qindra e mij\u00ebra shqiptar\u00eb gjet\u00ebn streh\u00ebn n\u00eb k\u00ebt\u00eb vend t\u00eb bekuar. Pas rr\u00ebzimit t\u00eb diktatur\u00ebs komuniste, Itali ishte vendi i par\u00eb q\u00eb u m\u00ebsy nga shqiptar\u00ebt si toka e premtuar p\u00ebr t\u00eb shp\u00ebtuar nga dhimbjet e tmerrshme t\u00eb skamjes s\u00eb diktatur\u00ebs.<\/p>\n<p>K\u00ebto vite t\u00eb narkodiktatur\u00ebs, p\u00ebrs\u00ebri ky komb, ky vend mik, hapi dyert dhe zemrat p\u00ebr shqiptar\u00ebt e p\u00ebrz\u00ebn\u00eb nga narkodiktatura e Edi Ram\u00ebs. Ndaj dhe, le t\u00eb shprehim bashk\u00eb nj\u00eb mir\u00ebnjohje t\u00eb pakufishme p\u00ebr miqt\u00eb tan\u00eb italian\u00eb dhe Italin\u00eb mike.<\/p>\n","protected":false},"excerpt":{"rendered":"<p>Kryetari i Partis\u00eb Demokratike, Sali Berisha pasi ka fal\u00ebnderuar t\u00eb gjith\u00eb pjes\u00ebmarr\u00ebsit p\u00ebr pritjen madh\u00ebshtore n\u00eb Milano ka fal\u00ebnderuar vendin fqinj, Italin\u00eb, p\u00ebr mikpritjen q\u00eb u ka b\u00ebr\u00eb n\u00eb t\u00eb gjitha koh\u00ebrat, shqiptar\u00ebve. Berisha tha se, marr\u00ebdh\u00ebniet e Shqip\u00ebris\u00eb me Italin\u00eb jan\u00eb marr\u00ebdh\u00ebnie qindra vje\u00e7are, por ne shqiptar\u00ebt kemi nj\u00eb fjal\u00eb: miku i mir\u00eb n\u00eb &hellip;<\/p>\n","protected":false},"author":4,"featured_media":106208,"comment_status":"closed","ping_status":"closed","sticky":false,"template":"","format":"standard","meta":{"footnotes":""},"categories":[37],"tags":[],"class_list":["post-106207","post","type-post","status-publish","format-standard","has-post-thumbnail","","category-politike"],"_links":{"self":[{"href":"https:\/\/rdnews.al\/index.php\/wp-json\/wp\/v2\/posts\/106207","targetHints":{"allow":["GET"]}}],"collection":[{"href":"https:\/\/rdnews.al\/index.php\/wp-json\/wp\/v2\/posts"}],"about":[{"href":"https:\/\/rdnews.al\/index.php\/wp-json\/wp\/v2\/types\/post"}],"author":[{"embeddable":true,"href":"https:\/\/rdnews.al\/index.php\/wp-json\/wp\/v2\/users\/4"}],"replies":[{"embeddable":true,"href":"https:\/\/rdnews.al\/index.php\/wp-json\/wp\/v2\/comments?post=106207"}],"version-history":[{"count":1,"href":"https:\/\/rdnews.al\/index.php\/wp-json\/wp\/v2\/posts\/106207\/revisions"}],"predecessor-version":[{"id":106209,"href":"https:\/\/rdnews.al\/index.php\/wp-json\/wp\/v2\/posts\/106207\/revisions\/106209"}],"wp:featuredmedia":[{"embeddable":true,"href":"https:\/\/rdnews.al\/index.php\/wp-json\/wp\/v2\/media\/106208"}],"wp:attachment":[{"href":"https:\/\/rdnews.al\/index.php\/wp-json\/wp\/v2\/media?parent=106207"}],"wp:term":[{"taxonomy":"category","embeddable":true,"href":"https:\/\/rdnews.al\/index.php\/wp-json\/wp\/v2\/categories?post=106207"},{"taxonomy":"post_tag","embeddable":true,"href":"https:\/\/rdnews.al\/index.php\/wp-json\/wp\/v2\/tags?post=106207"}],"curies":[{"name":"wp","href":"https:\/\/api.w.org\/{rel}","templated":true}]}}