{"id":10621,"date":"2022-04-28T09:10:23","date_gmt":"2022-04-28T09:10:23","guid":{"rendered":"https:\/\/rdnews.al\/?p=10621"},"modified":"2022-04-28T10:10:38","modified_gmt":"2022-04-28T10:10:38","slug":"skenar-i-parapergatitur-nga-regjimi-caktohet-prokurori-qe-do-zevendesoje-elisabeta-imerajn","status":"publish","type":"post","link":"https:\/\/rdnews.al\/index.php\/2022\/04\/28\/skenar-i-parapergatitur-nga-regjimi-caktohet-prokurori-qe-do-zevendesoje-elisabeta-imerajn\/","title":{"rendered":"Skenar i parap\u00ebrgatitur nga regjimi, caktohet prokurori q\u00eb do z\u00ebvend\u00ebsoj\u00eb Elisabeta Imerajn"},"content":{"rendered":"<p>Gjat\u00eb dit\u00ebs s\u00eb sotme, KLP ka njoftuar nj\u00eb mbledhje urgjente e cila do t\u00eb caktoj\u00eb nj\u00eb drejtues t\u00eb p\u00ebrkohsh\u00ebm n\u00eb krye t\u00eb Prokuroris\u00eb s\u00eb Tiran\u00ebs.<\/p>\n<p>Nga nj\u00eb dokument i ardhur n\u00eb redaksin\u00eb ton\u00eb, zbulohet emri\u00a0i prokurorit q\u00eb do z\u00ebvend\u00ebsoi Elisabeta Imerajn n\u00eb krye t\u00eb Prokuroris\u00eb s\u00eb Tiran\u00ebs dhe ai \u00ebsht\u00eb\u00a0Arenc \u00c7ela.<\/p>\n<p>Sipas diskutim\/ vendimit q\u00eb pritet t\u00eb miratohet pas mbledhjes n\u00eb or\u00ebn 12 nga KLP, \u00c7ela pritet t\u00eb jet\u00eb drejtuesi I Prokuroris\u00eb pran\u00eb Gjykat\u00ebs s\u00eb Shkall\u00ebs s\u00eb Par\u00eb Tiran\u00eb.<\/p>\n<p><img loading=\"lazy\" decoding=\"async\" class=\"alignnone wp-image-10623\" src=\"https:\/\/rdnews.al\/wp-content\/uploads\/2022\/04\/11-9-164x300.jpg\" alt=\"\" width=\"361\" height=\"660\" srcset=\"https:\/\/rdnews.al\/wp-content\/uploads\/2022\/04\/11-9-164x300.jpg 164w, https:\/\/rdnews.al\/wp-content\/uploads\/2022\/04\/11-9-560x1024.jpg 560w, https:\/\/rdnews.al\/wp-content\/uploads\/2022\/04\/11-9-768x1405.jpg 768w, https:\/\/rdnews.al\/wp-content\/uploads\/2022\/04\/11-9-840x1536.jpg 840w, https:\/\/rdnews.al\/wp-content\/uploads\/2022\/04\/11-9.jpg 900w\" sizes=\"auto, (max-width: 361px) 100vw, 361px\" \/><\/p>\n<p><img loading=\"lazy\" decoding=\"async\" class=\"alignnone  wp-image-10641\" src=\"https:\/\/rdnews.al\/wp-content\/uploads\/2022\/04\/imeraj-1-221x300.jpg\" alt=\"\" width=\"330\" height=\"448\" srcset=\"https:\/\/rdnews.al\/wp-content\/uploads\/2022\/04\/imeraj-1-221x300.jpg 221w, https:\/\/rdnews.al\/wp-content\/uploads\/2022\/04\/imeraj-1-754x1024.jpg 754w, https:\/\/rdnews.al\/wp-content\/uploads\/2022\/04\/imeraj-1-768x1043.jpg 768w, https:\/\/rdnews.al\/wp-content\/uploads\/2022\/04\/imeraj-1.jpg 1080w\" sizes=\"auto, (max-width: 330px) 100vw, 330px\" \/><\/p>\n","protected":false},"excerpt":{"rendered":"<p>Gjat\u00eb dit\u00ebs s\u00eb sotme, KLP ka njoftuar nj\u00eb mbledhje urgjente e cila do t\u00eb caktoj\u00eb nj\u00eb drejtues t\u00eb p\u00ebrkohsh\u00ebm n\u00eb krye t\u00eb Prokuroris\u00eb s\u00eb Tiran\u00ebs. Nga nj\u00eb dokument i ardhur n\u00eb redaksin\u00eb ton\u00eb, zbulohet emri\u00a0i prokurorit q\u00eb do z\u00ebvend\u00ebsoi Elisabeta Imerajn n\u00eb krye t\u00eb Prokuroris\u00eb s\u00eb Tiran\u00ebs dhe ai \u00ebsht\u00eb\u00a0Arenc \u00c7ela. Sipas diskutim\/ vendimit q\u00eb &hellip;<\/p>\n","protected":false},"author":4,"featured_media":10622,"comment_status":"open","ping_status":"open","sticky":false,"template":"","format":"standard","meta":{"footnotes":""},"categories":[40],"tags":[],"class_list":["post-10621","post","type-post","status-publish","format-standard","has-post-thumbnail","","category-aktualitet"],"_links":{"self":[{"href":"https:\/\/rdnews.al\/index.php\/wp-json\/wp\/v2\/posts\/10621","targetHints":{"allow":["GET"]}}],"collection":[{"href":"https:\/\/rdnews.al\/index.php\/wp-json\/wp\/v2\/posts"}],"about":[{"href":"https:\/\/rdnews.al\/index.php\/wp-json\/wp\/v2\/types\/post"}],"author":[{"embeddable":true,"href":"https:\/\/rdnews.al\/index.php\/wp-json\/wp\/v2\/users\/4"}],"replies":[{"embeddable":true,"href":"https:\/\/rdnews.al\/index.php\/wp-json\/wp\/v2\/comments?post=10621"}],"version-history":[{"count":0,"href":"https:\/\/rdnews.al\/index.php\/wp-json\/wp\/v2\/posts\/10621\/revisions"}],"wp:featuredmedia":[{"embeddable":true,"href":"https:\/\/rdnews.al\/index.php\/wp-json\/wp\/v2\/media\/10622"}],"wp:attachment":[{"href":"https:\/\/rdnews.al\/index.php\/wp-json\/wp\/v2\/media?parent=10621"}],"wp:term":[{"taxonomy":"category","embeddable":true,"href":"https:\/\/rdnews.al\/index.php\/wp-json\/wp\/v2\/categories?post=10621"},{"taxonomy":"post_tag","embeddable":true,"href":"https:\/\/rdnews.al\/index.php\/wp-json\/wp\/v2\/tags?post=10621"}],"curies":[{"name":"wp","href":"https:\/\/api.w.org\/{rel}","templated":true}]}}