{"id":106214,"date":"2025-03-02T15:37:28","date_gmt":"2025-03-02T15:37:28","guid":{"rendered":"https:\/\/rdnews.al\/?p=106214"},"modified":"2025-03-02T15:37:28","modified_gmt":"2025-03-02T15:37:28","slug":"berisha-ne-3-muajt-e-fundit-kane-ndodhur-ndryshime-te-medha-fitorja-eshte-e-jona","status":"publish","type":"post","link":"https:\/\/rdnews.al\/index.php\/2025\/03\/02\/berisha-ne-3-muajt-e-fundit-kane-ndodhur-ndryshime-te-medha-fitorja-eshte-e-jona\/","title":{"rendered":"Berisha: N\u00eb 3 muajt e fundit kan\u00eb ndodhur ndryshime t\u00eb m\u00ebdha, fitorja \u00ebsht\u00eb e jona!"},"content":{"rendered":"<p>Duke folur para mij\u00ebra shqiptar\u00ebve t\u00eb mbledhur n\u00eb Milano, kryetari i Partis\u00eb Demokratike, Sali Berisha u shpreh se, n\u00eb 3 muaj e fundit ndryshime t\u00eb m\u00ebdha kan\u00eb ndodhur.<\/p>\n<p>Berisha u shpreh, se 3 muaj m\u00eb par\u00eb askush nuk e kishte besuar se, n\u00eb Tiran\u00eb p\u00ebr t\u00eb udh\u00ebhequr fushat\u00ebn e opozit\u00ebs do t\u00eb vinte kryestrategu i Donald Trump, Chris LaCivita.<\/p>\n<p>\u201cKy \u00ebsht\u00eb viti i diaspor\u00ebs, dhe mbi t\u00eb gjitha i juaji sepse, para zgjedhjeve, ju i keni b\u00ebr\u00eb Shqip\u00ebris\u00eb dhurat\u00eb tjet\u00ebr po kaq t\u00eb \u00e7muar.<\/p>\n<p>Un\u00eb ju them ju, se kjo dashuri q\u00eb d\u00ebshmoni ju, se kjo energji q\u00eb d\u00ebshmoni ju, se ky entuziaz\u00ebm po\u00a0 ngroh zemrat e \u00e7do shqiptari, po zgjon shpresat e \u00e7do shqiptari, po rikthen besimin tek Shqip\u00ebria, tek \u00e7do shqiptar.<\/p>\n<p>Kjo dashuri, ky mall, ky pasion \u00ebsht\u00eb kthyer n\u00eb eliksirin e fitores t\u00eb shqiptar\u00ebve p\u00ebr Shqip\u00ebrin\u00eb!<\/p>\n<p>Miq, e keni patur nj\u00eb v\u00ebshtir\u00ebsi t\u00eb ve\u00e7ant\u00eb. Kur shoh k\u00ebt\u00eb entuziaz\u00ebm t\u00eb jasht\u00ebzakonsh\u00ebm, rri edhe mendoj: problemi se terrori, se varf\u00ebria, se burgosjet politike, se pla\u00e7kitja masive i ka topitur shqiptar\u00ebt. Pse ju jeni kaq n\u00eb k\u00ebmb\u00eb? Ka entuziast\u00eb, kaq shp\u00ebrthyes?<\/p>\n<p>Sepse, jetoni n\u00eb nj\u00eb vend t\u00eb lir\u00eb dhe e dini se, nuk burgosen kund\u00ebrshtar\u00ebt politik\u00eb p\u00ebr t\u00eb marr\u00eb mandate. Dhe e dini se, nuk nd\u00ebrtohet me \u00e7mime 10-fish rrug\u00ebt dhe shkollat p\u00ebr t\u00eb vjedhur qytetar\u00ebt.<\/p>\n<p>Dhe e dini se, nuk grabiten dhe pla\u00e7kiten pasurit\u00eb e shqiptar\u00ebve p\u00ebr t\u2019u pasuruar nj\u00eb grusht hajdut\u00ebsh n\u00eb krye t\u00eb shtetit dhe qeveris\u00eb. Ndaj dhe, kjo \u00ebsht\u00eb arsyeja q\u00eb jeni n\u00eb k\u00ebmb\u00eb. Kurr\u00eb ndonj\u00ebher\u00eb nd\u00ebrgjegjja komb\u00ebtare nuk ka qen\u00eb, ndofta q\u00eb nga pavar\u00ebsia gjer sot, m\u00eb e p\u00ebrqendruar tek shqiptar\u00ebt jasht\u00eb atdheut se sa \u00ebsht\u00eb sot.<\/p>\n<p>Miqt\u00eb e mi, fitorja \u00ebsht\u00eb e jona. Ne ia kemi dal\u00eb. Vet\u00ebm po merrni 3 muajt e fundit ndryshimet e m\u00ebdha q\u00eb kan\u00eb ndodhur. Le t\u2019i b\u00ebjm\u00eb nj\u00eb pyetje bashk\u00ebrisht vetes: Sikur Sali Berisha t\u00eb deklaronte nga dritarja e katit t\u00eb tet\u00eb tri muaj m\u00eb par\u00eb se, n\u00eb Shqip\u00ebri do zbarkoj\u00eb p\u00ebr t\u00eb drejtuar fushat\u00ebn e PD-s\u00eb kryestrategu i planetit, kryestrategu i rikthimit m\u00eb t\u00eb jasht\u00ebzakonsh\u00ebm n\u00eb histori, rikthimit t\u00eb Donald Trump, a nuk do thoshit, askush nuk do ta besonte.<\/p>\n<p>Sikur, 3 muaj m\u00eb par\u00eb t\u00eb deklaroja nga ajo dritare se, t\u00eb gjitha partit\u00eb politik\u00eb t\u00eb qendr\u00ebs s\u00eb djatht\u00eb, qindra prej tyre, n\u00eb 3 rezoluta do t\u00eb d\u00ebnonin regjimin e Edi Ram\u00ebs, narkodiktatur\u00ebn, do mb\u00ebshtesnin shqiptar\u00ebt dhe t\u00eb drejtat e tyre.<\/p>\n<p>Miq, po ndalem n\u00eb disa raste.<\/p>\n<p>Po, sikur t\u00eb kisha th\u00ebn\u00eb se, Antony Blinken, njeriu q\u00eb n\u00ebn diktatin e Xhorxh Sorosit mori p\u00ebrsip\u00ebr t\u00eb shkat\u00ebrroj\u00eb opozit\u00ebn p\u00ebr hir t\u00eb Edi Ram\u00ebs. T\u2019iu thosha shqiptar\u00ebve se, Antony Blinken do t\u00eb shpallet non grata n\u00eb vendin e tij, kush do ta besonte?<\/p>\n<p>Sot, si\u00e7 e dini, nuk i lejohet t\u00eb futet n\u00eb asnj\u00eb nd\u00ebrtes\u00eb federale t\u00eb SHBA-ve\u201d, u shpreh Berisha.<\/p>\n","protected":false},"excerpt":{"rendered":"<p>Duke folur para mij\u00ebra shqiptar\u00ebve t\u00eb mbledhur n\u00eb Milano, kryetari i Partis\u00eb Demokratike, Sali Berisha u shpreh se, n\u00eb 3 muaj e fundit ndryshime t\u00eb m\u00ebdha kan\u00eb ndodhur. Berisha u shpreh, se 3 muaj m\u00eb par\u00eb askush nuk e kishte besuar se, n\u00eb Tiran\u00eb p\u00ebr t\u00eb udh\u00ebhequr fushat\u00ebn e opozit\u00ebs do t\u00eb vinte kryestrategu i &hellip;<\/p>\n","protected":false},"author":4,"featured_media":106215,"comment_status":"closed","ping_status":"closed","sticky":false,"template":"","format":"standard","meta":{"footnotes":""},"categories":[37],"tags":[],"class_list":["post-106214","post","type-post","status-publish","format-standard","has-post-thumbnail","","category-politike"],"_links":{"self":[{"href":"https:\/\/rdnews.al\/index.php\/wp-json\/wp\/v2\/posts\/106214","targetHints":{"allow":["GET"]}}],"collection":[{"href":"https:\/\/rdnews.al\/index.php\/wp-json\/wp\/v2\/posts"}],"about":[{"href":"https:\/\/rdnews.al\/index.php\/wp-json\/wp\/v2\/types\/post"}],"author":[{"embeddable":true,"href":"https:\/\/rdnews.al\/index.php\/wp-json\/wp\/v2\/users\/4"}],"replies":[{"embeddable":true,"href":"https:\/\/rdnews.al\/index.php\/wp-json\/wp\/v2\/comments?post=106214"}],"version-history":[{"count":1,"href":"https:\/\/rdnews.al\/index.php\/wp-json\/wp\/v2\/posts\/106214\/revisions"}],"predecessor-version":[{"id":106216,"href":"https:\/\/rdnews.al\/index.php\/wp-json\/wp\/v2\/posts\/106214\/revisions\/106216"}],"wp:featuredmedia":[{"embeddable":true,"href":"https:\/\/rdnews.al\/index.php\/wp-json\/wp\/v2\/media\/106215"}],"wp:attachment":[{"href":"https:\/\/rdnews.al\/index.php\/wp-json\/wp\/v2\/media?parent=106214"}],"wp:term":[{"taxonomy":"category","embeddable":true,"href":"https:\/\/rdnews.al\/index.php\/wp-json\/wp\/v2\/categories?post=106214"},{"taxonomy":"post_tag","embeddable":true,"href":"https:\/\/rdnews.al\/index.php\/wp-json\/wp\/v2\/tags?post=106214"}],"curies":[{"name":"wp","href":"https:\/\/api.w.org\/{rel}","templated":true}]}}